{"id":1489,"date":"2023-04-05T15:53:38","date_gmt":"2023-04-05T13:53:38","guid":{"rendered":"https:\/\/nwjjv.eu\/?p=1489"},"modified":"2023-04-05T15:53:38","modified_gmt":"2023-04-05T13:53:38","slug":"erfolgreiche-dan-pruefung-in-rhede","status":"publish","type":"post","link":"https:\/\/nwjjv.eu\/?p=1489","title":{"rendered":"Erfolgreiche Dan-Pr\u00fcfung in Rhede"},"content":{"rendered":"\n\n\n<ol class=\"wp-block-list\" type=\"1\">\n<li><strong><u>Dan-Pr\u00fcfung 2023 im NWJJV<\/u><\/strong><\/li>\n<\/ol>\n\n\n\n<p>Am 02.04.2024 stellten sich 6 Sportler in Rhede einer der ersten Dan-Pr\u00fcfung<\/p>\n\n\n\n<p>des Jahres 2023. Der Ausrichter BC Rhede sorgte mit seiner hervorragenden Vorbereitung des Dojos f\u00fcr optimale Bedingungen f\u00fcr die Sportlerinnen und Sportler.<\/p>\n\n\n\n<p>F\u00fcr diese Pr\u00fcfung wurde eine hochkar\u00e4tige Pr\u00fcfungskommission zusammengestellt: Wolfgang Kroel, 9.Dan und Referent Lehrwesen, Werner Dermann, 7.Dan, Pr\u00e4sident des NWJJV, sowie Sven Loevenich, 5.Dan erfahrener Pr\u00fcfer, der auch schon 2022 zum Einsatz kam.\u00a0 Engelbert Wallek, als Beauftragter Senioren nahm als Beisitzer teil, um den ordnungsgem\u00e4\u00dfen Ablauf einer Pr\u00fcfung f\u00fcr Sportler \u00dc 45 zu gew\u00e4hrleisten.<\/p>\n\n\n\n<figure class=\"wp-block-image size-large is-resized\"><img loading=\"lazy\" decoding=\"async\" src=\"https:\/\/nwjjv.eu\/wp-content\/uploads\/2023\/04\/Dan1-1024x768.jpg\" alt=\"\" class=\"wp-image-1491\" width=\"451\" height=\"338\" srcset=\"https:\/\/nwjjv.eu\/wp-content\/uploads\/2023\/04\/Dan1-1024x768.jpg 1024w, https:\/\/nwjjv.eu\/wp-content\/uploads\/2023\/04\/Dan1-300x225.jpg 300w, https:\/\/nwjjv.eu\/wp-content\/uploads\/2023\/04\/Dan1-768x576.jpg 768w, https:\/\/nwjjv.eu\/wp-content\/uploads\/2023\/04\/Dan1-1536x1152.jpg 1536w, https:\/\/nwjjv.eu\/wp-content\/uploads\/2023\/04\/Dan1-2048x1536.jpg 2048w\" sizes=\"auto, (max-width: 451px) 100vw, 451px\" \/><\/figure>\n\n\n\n<p>5 Sportler und Sportlerinnen wurden unter den kritischen Augen der Kommission erfolgreich zum 1.Dan gepr\u00fcft, der \u00e4lteste Sportler der Teilnehmer stellte sich der Pr\u00fcfung zum 2. Dan.<\/p>\n\n\n\n<p>An dieser Stelle gratulieren wir Jannis und Matthias Lehmbrock, Jacob Nachtweih, Lars Schieren und Lisa Schmitz zum 1. Dan, sowie Wolfgang Lieske zum 2. Dan.<\/p>\n\n\n\n<p>S\u00e4mtliche Teilnehmer bestanden die Pr\u00fcfung &nbsp;souver\u00e4n. Als Fazit aller Beteiligten stand fest, dass die Vorbereitung mit den Pr\u00fcfern als Referenten in den Vorbereitungslehrg\u00e4ngen viel zum erfolgreichen Bestehen beigetragen hat, da noch einmal zielgerichtet auf Schwerpunkte hingewiesen werden konnte.<\/p>\n\n\n\n<figure class=\"wp-block-gallery has-nested-images columns-default is-cropped wp-block-gallery-1 is-layout-flex wp-block-gallery-is-layout-flex\">\n<figure class=\"wp-block-image size-large\"><img loading=\"lazy\" decoding=\"async\" width=\"1024\" height=\"768\" data-id=\"1494\" src=\"https:\/\/nwjjv.eu\/wp-content\/uploads\/2023\/04\/Dan2-1024x768.jpg\" alt=\"\" class=\"wp-image-1494\" srcset=\"https:\/\/nwjjv.eu\/wp-content\/uploads\/2023\/04\/Dan2-1024x768.jpg 1024w, https:\/\/nwjjv.eu\/wp-content\/uploads\/2023\/04\/Dan2-300x225.jpg 300w, https:\/\/nwjjv.eu\/wp-content\/uploads\/2023\/04\/Dan2-768x576.jpg 768w, https:\/\/nwjjv.eu\/wp-content\/uploads\/2023\/04\/Dan2-1536x1152.jpg 1536w, https:\/\/nwjjv.eu\/wp-content\/uploads\/2023\/04\/Dan2-2048x1536.jpg 2048w\" sizes=\"auto, (max-width: 1024px) 100vw, 1024px\" \/><\/figure>\n\n\n\n<figure class=\"wp-block-image size-large\"><img loading=\"lazy\" decoding=\"async\" width=\"1024\" height=\"768\" data-id=\"1493\" src=\"https:\/\/nwjjv.eu\/wp-content\/uploads\/2023\/04\/Dan3-1024x768.jpg\" alt=\"\" class=\"wp-image-1493\" srcset=\"https:\/\/nwjjv.eu\/wp-content\/uploads\/2023\/04\/Dan3-1024x768.jpg 1024w, https:\/\/nwjjv.eu\/wp-content\/uploads\/2023\/04\/Dan3-300x225.jpg 300w, https:\/\/nwjjv.eu\/wp-content\/uploads\/2023\/04\/Dan3-768x576.jpg 768w, https:\/\/nwjjv.eu\/wp-content\/uploads\/2023\/04\/Dan3-1536x1152.jpg 1536w, https:\/\/nwjjv.eu\/wp-content\/uploads\/2023\/04\/Dan3-2048x1536.jpg 2048w\" sizes=\"auto, (max-width: 1024px) 100vw, 1024px\" \/><\/figure>\n\n\n\n<figure class=\"wp-block-image size-large\"><img loading=\"lazy\" decoding=\"async\" width=\"1024\" height=\"768\" data-id=\"1492\" src=\"https:\/\/nwjjv.eu\/wp-content\/uploads\/2023\/04\/Dan4-1024x768.jpg\" alt=\"\" class=\"wp-image-1492\" srcset=\"https:\/\/nwjjv.eu\/wp-content\/uploads\/2023\/04\/Dan4-1024x768.jpg 1024w, https:\/\/nwjjv.eu\/wp-content\/uploads\/2023\/04\/Dan4-300x225.jpg 300w, https:\/\/nwjjv.eu\/wp-content\/uploads\/2023\/04\/Dan4-768x576.jpg 768w, https:\/\/nwjjv.eu\/wp-content\/uploads\/2023\/04\/Dan4-1536x1152.jpg 1536w, https:\/\/nwjjv.eu\/wp-content\/uploads\/2023\/04\/Dan4.jpg 1772w\" sizes=\"auto, (max-width: 1024px) 100vw, 1024px\" \/><\/figure>\n<\/figure>\n\n\n\n<p>In diesem Sinne noch einmal Danke an den Ausrichter, den Pr\u00fcfern f\u00fcr ihre objektive Arbeit und herzlichen Gl\u00fcckwunsch den Sportlern zur neuen Graduierung.<\/p>\n\n\n\n<p>( Didi Krems, Referent Pr\u00fcfungswesen)<\/p>\n","protected":false},"excerpt":{"rendered":"<p>Am 02.04.2024 stellten sich 6 Sportler in Rhede einer der ersten Dan-Pr\u00fcfung des Jahres 2023. Der Ausrichter BC Rhede sorgte mit seiner hervorragenden Vorbereitung des Dojos f\u00fcr optimale Bedingungen f\u00fcr die Sportlerinnen und Sportler. F\u00fcr diese Pr\u00fcfung wurde eine hochkar\u00e4tige Pr\u00fcfungskommission zusammengestellt: Wolfgang Kroel, 9.Dan und Referent Lehrwesen, Werner Dermann, 7.Dan, Pr\u00e4sident des NWJJV, sowie [&hellip;]<\/p>\n","protected":false},"author":3,"featured_media":1490,"comment_status":"closed","ping_status":"open","sticky":false,"template":"","format":"standard","meta":{"site-sidebar-layout":"default","site-content-layout":"","ast-site-content-layout":"default","site-content-style":"default","site-sidebar-style":"default","ast-global-header-display":"","ast-banner-title-visibility":"","ast-main-header-display":"","ast-hfb-above-header-display":"","ast-hfb-below-header-display":"","ast-hfb-mobile-header-display":"","site-post-title":"","ast-breadcrumbs-content":"","ast-featured-img":"","footer-sml-layout":"","ast-disable-related-posts":"","theme-transparent-header-meta":"","adv-header-id-meta":"","stick-header-meta":"","header-above-stick-meta":"","header-main-stick-meta":"","header-below-stick-meta":"","astra-migrate-meta-layouts":"default","ast-page-background-enabled":"default","ast-page-background-meta":{"desktop":{"background-color":"var(--ast-global-color-4)","background-image":"","background-repeat":"repeat","background-position":"center center","background-size":"auto","background-attachment":"scroll","background-type":"","background-media":"","overlay-type":"","overlay-color":"","overlay-opacity":"","overlay-gradient":""},"tablet":{"background-color":"","background-image":"","background-repeat":"repeat","background-position":"center center","background-size":"auto","background-attachment":"scroll","background-type":"","background-media":"","overlay-type":"","overlay-color":"","overlay-opacity":"","overlay-gradient":""},"mobile":{"background-color":"","background-image":"","background-repeat":"repeat","background-position":"center center","background-size":"auto","background-attachment":"scroll","background-type":"","background-media":"","overlay-type":"","overlay-color":"","overlay-opacity":"","overlay-gradient":""}},"ast-content-background-meta":{"desktop":{"background-color":"var(--ast-global-color-5)","background-image":"","background-repeat":"repeat","background-position":"center center","background-size":"auto","background-attachment":"scroll","background-type":"","background-media":"","overlay-type":"","overlay-color":"","overlay-opacity":"","overlay-gradient":""},"tablet":{"background-color":"var(--ast-global-color-5)","background-image":"","background-repeat":"repeat","background-position":"center center","background-size":"auto","background-attachment":"scroll","background-type":"","background-media":"","overlay-type":"","overlay-color":"","overlay-opacity":"","overlay-gradient":""},"mobile":{"background-color":"var(--ast-global-color-5)","background-image":"","background-repeat":"repeat","background-position":"center center","background-size":"auto","background-attachment":"scroll","background-type":"","background-media":"","overlay-type":"","overlay-color":"","overlay-opacity":"","overlay-gradient":""}},"footnotes":""},"categories":[3],"tags":[],"class_list":["post-1489","post","type-post","status-publish","format-standard","has-post-thumbnail","hentry","category-news"],"_links":{"self":[{"href":"https:\/\/nwjjv.eu\/index.php?rest_route=\/wp\/v2\/posts\/1489","targetHints":{"allow":["GET"]}}],"collection":[{"href":"https:\/\/nwjjv.eu\/index.php?rest_route=\/wp\/v2\/posts"}],"about":[{"href":"https:\/\/nwjjv.eu\/index.php?rest_route=\/wp\/v2\/types\/post"}],"author":[{"embeddable":true,"href":"https:\/\/nwjjv.eu\/index.php?rest_route=\/wp\/v2\/users\/3"}],"replies":[{"embeddable":true,"href":"https:\/\/nwjjv.eu\/index.php?rest_route=%2Fwp%2Fv2%2Fcomments&post=1489"}],"version-history":[{"count":2,"href":"https:\/\/nwjjv.eu\/index.php?rest_route=\/wp\/v2\/posts\/1489\/revisions"}],"predecessor-version":[{"id":1496,"href":"https:\/\/nwjjv.eu\/index.php?rest_route=\/wp\/v2\/posts\/1489\/revisions\/1496"}],"wp:featuredmedia":[{"embeddable":true,"href":"https:\/\/nwjjv.eu\/index.php?rest_route=\/wp\/v2\/media\/1490"}],"wp:attachment":[{"href":"https:\/\/nwjjv.eu\/index.php?rest_route=%2Fwp%2Fv2%2Fmedia&parent=1489"}],"wp:term":[{"taxonomy":"category","embeddable":true,"href":"https:\/\/nwjjv.eu\/index.php?rest_route=%2Fwp%2Fv2%2Fcategories&post=1489"},{"taxonomy":"post_tag","embeddable":true,"href":"https:\/\/nwjjv.eu\/index.php?rest_route=%2Fwp%2Fv2%2Ftags&post=1489"}],"curies":[{"name":"wp","href":"https:\/\/api.w.org\/{rel}","templated":true}]}}