{"id":1733,"date":"2023-06-15T14:28:06","date_gmt":"2023-06-15T12:28:06","guid":{"rendered":"https:\/\/nwjjv.eu\/?p=1733"},"modified":"2023-06-15T21:02:44","modified_gmt":"2023-06-15T19:02:44","slug":"erfolgreiche-bezirkspruefung-in-aachen","status":"publish","type":"post","link":"https:\/\/nwjjv.eu\/?p=1733","title":{"rendered":"Erfolgreiche Bezirkspr\u00fcfung in Aachen"},"content":{"rendered":"\n<p><\/p>\n\n\n\n<p>Aachen, 10. Juni 2023 &#8211; Am vergangenen Wochenende fand die Bezirkspr\u00fcfung des Bezirks Aachen im Ju-Jutsu statt. Veranstalter dieser Pr\u00fcfung war der TV Girbelsrath, ein \u00f6rtlicher Sportverein, der sich \u00fcber die Teilnahme von f\u00fcnf Pr\u00fcflingen aus zwei Vereinen freuen konnte. Die Pr\u00fcfung wurde von den erfahrenen Pr\u00fcfern Knut Stricker (3. Dan) und Barbara Nu\u00dfbaum (2. Dan) abgenommen, w\u00e4hrend Werner Petersen als Bezirksvertreter des Verbands die Ausrichtung unterst\u00fctzte.<\/p>\n\n\n\n<p>Die insgesamt f\u00fcnf Pr\u00fcflinge zeigten w\u00e4hrend der Pr\u00fcfung eine gute Leistung und konnten am Ende erfolgreich zum 1. Kyu Ju-Jutsu bestehen. Besonders erfreulich war das Bestehen von Lena Jaquet und Maksim Lyuft vom BC Erkelenz sowie von Gloria Vervoort, Casimir Kohlwey und Markus Mix vom Ju-Jutsu Team Kihaku Dremmen.<\/p>\n\n\n\n<figure class=\"wp-block-gallery has-nested-images columns-default is-cropped wp-block-gallery-1 is-layout-flex wp-block-gallery-is-layout-flex\">\n<figure class=\"wp-block-image size-large\"><img loading=\"lazy\" decoding=\"async\" width=\"1024\" height=\"694\" data-id=\"1736\" src=\"https:\/\/nwjjv.eu\/wp-content\/uploads\/2023\/06\/AC2-1024x694.jpg\" alt=\"\" class=\"wp-image-1736\" srcset=\"https:\/\/nwjjv.eu\/wp-content\/uploads\/2023\/06\/AC2-1024x694.jpg 1024w, https:\/\/nwjjv.eu\/wp-content\/uploads\/2023\/06\/AC2-300x203.jpg 300w, https:\/\/nwjjv.eu\/wp-content\/uploads\/2023\/06\/AC2-768x520.jpg 768w, https:\/\/nwjjv.eu\/wp-content\/uploads\/2023\/06\/AC2.jpg 1408w\" sizes=\"auto, (max-width: 1024px) 100vw, 1024px\" \/><\/figure>\n\n\n\n<figure class=\"wp-block-image size-large\"><img loading=\"lazy\" decoding=\"async\" width=\"875\" height=\"1024\" data-id=\"1735\" src=\"https:\/\/nwjjv.eu\/wp-content\/uploads\/2023\/06\/AC3-875x1024.jpg\" alt=\"\" class=\"wp-image-1735\" srcset=\"https:\/\/nwjjv.eu\/wp-content\/uploads\/2023\/06\/AC3-875x1024.jpg 875w, https:\/\/nwjjv.eu\/wp-content\/uploads\/2023\/06\/AC3-256x300.jpg 256w, https:\/\/nwjjv.eu\/wp-content\/uploads\/2023\/06\/AC3-768x899.jpg 768w, https:\/\/nwjjv.eu\/wp-content\/uploads\/2023\/06\/AC3.jpg 878w\" sizes=\"auto, (max-width: 875px) 100vw, 875px\" \/><\/figure>\n\n\n\n<figure class=\"wp-block-image size-large\"><img loading=\"lazy\" decoding=\"async\" width=\"1024\" height=\"576\" data-id=\"1737\" src=\"https:\/\/nwjjv.eu\/wp-content\/uploads\/2023\/06\/AC4-1024x576.jpg\" alt=\"\" class=\"wp-image-1737\" srcset=\"https:\/\/nwjjv.eu\/wp-content\/uploads\/2023\/06\/AC4-1024x576.jpg 1024w, https:\/\/nwjjv.eu\/wp-content\/uploads\/2023\/06\/AC4-300x169.jpg 300w, https:\/\/nwjjv.eu\/wp-content\/uploads\/2023\/06\/AC4-768x432.jpg 768w, https:\/\/nwjjv.eu\/wp-content\/uploads\/2023\/06\/AC4-1536x864.jpg 1536w, https:\/\/nwjjv.eu\/wp-content\/uploads\/2023\/06\/AC4.jpg 1920w\" sizes=\"auto, (max-width: 1024px) 100vw, 1024px\" \/><\/figure>\n<\/figure>\n\n\n\n<p>Die anwesenden Trainer zeigten sich \u00e4u\u00dferst zufrieden mit den gezeigten Leistungen der Pr\u00fcflinge. Zudem nutzten einige Teilnehmer die Gelegenheit, das zus\u00e4tzliche Angebot des Trainings mit den Pr\u00fcfern in Anspruch zu nehmen. Dies erwies sich als gro\u00dfer Vorteil und trug sicherlich zu den erfolgreichen Pr\u00fcfungen bei.<\/p>\n\n\n\n<p>Die Bezirkspr\u00fcfung im Ju-Jutsu war somit ein voller Erfolg und spiegelte die harte Arbeit und das Engagement der Teilnehmer und Vereine wider. Der TV Girbelsrath und der Bezirk Aachen k\u00f6nnen stolz auf die bestandenen Pr\u00fcflinge sein und werden sicherlich auch zuk\u00fcnftig weitere erfolgreiche Veranstaltungen dieser Art organisieren.<\/p>\n\n\n\n<p>Werner Petersen, NWJJV<\/p>\n","protected":false},"excerpt":{"rendered":"<p>Aachen, 10. Juni 2023 &#8211; Am vergangenen Wochenende fand die Bezirkspr\u00fcfung des Bezirks Aachen im Ju-Jutsu statt. Veranstalter dieser Pr\u00fcfung war der TV Girbelsrath, ein \u00f6rtlicher Sportverein, der sich \u00fcber die Teilnahme von f\u00fcnf Pr\u00fcflingen aus zwei Vereinen freuen konnte. Die Pr\u00fcfung wurde von den erfahrenen Pr\u00fcfern Knut Stricker (3. Dan) und Barbara Nu\u00dfbaum (2. [&hellip;]<\/p>\n","protected":false},"author":3,"featured_media":1734,"comment_status":"closed","ping_status":"open","sticky":false,"template":"","format":"standard","meta":{"site-sidebar-layout":"default","site-content-layout":"","ast-site-content-layout":"default","site-content-style":"default","site-sidebar-style":"default","ast-global-header-display":"","ast-banner-title-visibility":"","ast-main-header-display":"","ast-hfb-above-header-display":"","ast-hfb-below-header-display":"","ast-hfb-mobile-header-display":"","site-post-title":"","ast-breadcrumbs-content":"","ast-featured-img":"","footer-sml-layout":"","ast-disable-related-posts":"","theme-transparent-header-meta":"","adv-header-id-meta":"","stick-header-meta":"","header-above-stick-meta":"","header-main-stick-meta":"","header-below-stick-meta":"","astra-migrate-meta-layouts":"default","ast-page-background-enabled":"default","ast-page-background-meta":{"desktop":{"background-color":"var(--ast-global-color-4)","background-image":"","background-repeat":"repeat","background-position":"center center","background-size":"auto","background-attachment":"scroll","background-type":"","background-media":"","overlay-type":"","overlay-color":"","overlay-opacity":"","overlay-gradient":""},"tablet":{"background-color":"","background-image":"","background-repeat":"repeat","background-position":"center center","background-size":"auto","background-attachment":"scroll","background-type":"","background-media":"","overlay-type":"","overlay-color":"","overlay-opacity":"","overlay-gradient":""},"mobile":{"background-color":"","background-image":"","background-repeat":"repeat","background-position":"center center","background-size":"auto","background-attachment":"scroll","background-type":"","background-media":"","overlay-type":"","overlay-color":"","overlay-opacity":"","overlay-gradient":""}},"ast-content-background-meta":{"desktop":{"background-color":"var(--ast-global-color-5)","background-image":"","background-repeat":"repeat","background-position":"center center","background-size":"auto","background-attachment":"scroll","background-type":"","background-media":"","overlay-type":"","overlay-color":"","overlay-opacity":"","overlay-gradient":""},"tablet":{"background-color":"var(--ast-global-color-5)","background-image":"","background-repeat":"repeat","background-position":"center center","background-size":"auto","background-attachment":"scroll","background-type":"","background-media":"","overlay-type":"","overlay-color":"","overlay-opacity":"","overlay-gradient":""},"mobile":{"background-color":"var(--ast-global-color-5)","background-image":"","background-repeat":"repeat","background-position":"center center","background-size":"auto","background-attachment":"scroll","background-type":"","background-media":"","overlay-type":"","overlay-color":"","overlay-opacity":"","overlay-gradient":""}},"footnotes":""},"categories":[3],"tags":[],"class_list":["post-1733","post","type-post","status-publish","format-standard","has-post-thumbnail","hentry","category-news"],"_links":{"self":[{"href":"https:\/\/nwjjv.eu\/index.php?rest_route=\/wp\/v2\/posts\/1733","targetHints":{"allow":["GET"]}}],"collection":[{"href":"https:\/\/nwjjv.eu\/index.php?rest_route=\/wp\/v2\/posts"}],"about":[{"href":"https:\/\/nwjjv.eu\/index.php?rest_route=\/wp\/v2\/types\/post"}],"author":[{"embeddable":true,"href":"https:\/\/nwjjv.eu\/index.php?rest_route=\/wp\/v2\/users\/3"}],"replies":[{"embeddable":true,"href":"https:\/\/nwjjv.eu\/index.php?rest_route=%2Fwp%2Fv2%2Fcomments&post=1733"}],"version-history":[{"count":2,"href":"https:\/\/nwjjv.eu\/index.php?rest_route=\/wp\/v2\/posts\/1733\/revisions"}],"predecessor-version":[{"id":1739,"href":"https:\/\/nwjjv.eu\/index.php?rest_route=\/wp\/v2\/posts\/1733\/revisions\/1739"}],"wp:featuredmedia":[{"embeddable":true,"href":"https:\/\/nwjjv.eu\/index.php?rest_route=\/wp\/v2\/media\/1734"}],"wp:attachment":[{"href":"https:\/\/nwjjv.eu\/index.php?rest_route=%2Fwp%2Fv2%2Fmedia&parent=1733"}],"wp:term":[{"taxonomy":"category","embeddable":true,"href":"https:\/\/nwjjv.eu\/index.php?rest_route=%2Fwp%2Fv2%2Fcategories&post=1733"},{"taxonomy":"post_tag","embeddable":true,"href":"https:\/\/nwjjv.eu\/index.php?rest_route=%2Fwp%2Fv2%2Ftags&post=1733"}],"curies":[{"name":"wp","href":"https:\/\/api.w.org\/{rel}","templated":true}]}}