{"id":1782,"date":"2023-08-23T12:34:51","date_gmt":"2023-08-23T10:34:51","guid":{"rendered":"https:\/\/nwjjv.eu\/?p=1782"},"modified":"2023-08-23T12:34:51","modified_gmt":"2023-08-23T10:34:51","slug":"polizei-justiz-seminar-in-wuppertal","status":"publish","type":"post","link":"https:\/\/nwjjv.eu\/?p=1782","title":{"rendered":"Polizei-Justiz Seminar in Wuppertal"},"content":{"rendered":"\n<p>In Zeiten, wo man fast t\u00e4glich von \u00dcbergriffen auf Staatsbedienstete liest, trafen sich 26 Angeh\u00f6rige dieser Zielgruppe am 12. August 2023 in der Justizschule Wuppertal zum gemeinsamen Training.<\/p>\n\n\n\n<p>Diese Zielgruppe bestand aus Angeh\u00f6rigen der Polizei, Justiz, Zentrale Ausl\u00e4nderbeh\u00f6rde (ZAB) und verschiedener Ordnungsbeh\u00f6rden.<\/p>\n\n\n\n<p>Es ist lobenswert, dass Angeh\u00f6rige von verschiedenen staatlichen Beh\u00f6rden sich zu einem gemeinsamen Training zusammengefunden haben, um ihre F\u00e4higkeiten im Umgang mit schwierigen Situationen zu verbessern und ein Zeichen gegen Gewalt zu setzen. Die Tatsache, dass Vertreter verschiedener Einheiten gemeinsam \u00fcben, um ihre Professionalit\u00e4t und Zusammenarbeit zu st\u00e4rken, zeigt eine positive Herangehensweise zur Bew\u00e4ltigung der Herausforderungen, denen Staatsbedienstete in ihrem beruflichen Alltag begegnen.<\/p>\n\n\n\n<figure class=\"wp-block-gallery has-nested-images columns-default is-cropped wp-block-gallery-1 is-layout-flex wp-block-gallery-is-layout-flex\">\n<figure class=\"wp-block-image size-large\"><img loading=\"lazy\" decoding=\"async\" width=\"1024\" height=\"768\" data-id=\"1785\" src=\"https:\/\/nwjjv.eu\/wp-content\/uploads\/2023\/08\/Beh1-1024x768.jpeg\" alt=\"\" class=\"wp-image-1785\" srcset=\"https:\/\/nwjjv.eu\/wp-content\/uploads\/2023\/08\/Beh1-1024x768.jpeg 1024w, https:\/\/nwjjv.eu\/wp-content\/uploads\/2023\/08\/Beh1-300x225.jpeg 300w, https:\/\/nwjjv.eu\/wp-content\/uploads\/2023\/08\/Beh1-768x576.jpeg 768w, https:\/\/nwjjv.eu\/wp-content\/uploads\/2023\/08\/Beh1.jpeg 1280w\" sizes=\"auto, (max-width: 1024px) 100vw, 1024px\" \/><\/figure>\n\n\n\n<figure class=\"wp-block-image size-large\"><img loading=\"lazy\" decoding=\"async\" width=\"1024\" height=\"768\" data-id=\"1784\" src=\"https:\/\/nwjjv.eu\/wp-content\/uploads\/2023\/08\/Beh3-1024x768.jpeg\" alt=\"\" class=\"wp-image-1784\" srcset=\"https:\/\/nwjjv.eu\/wp-content\/uploads\/2023\/08\/Beh3-1024x768.jpeg 1024w, https:\/\/nwjjv.eu\/wp-content\/uploads\/2023\/08\/Beh3-300x225.jpeg 300w, https:\/\/nwjjv.eu\/wp-content\/uploads\/2023\/08\/Beh3-768x576.jpeg 768w, https:\/\/nwjjv.eu\/wp-content\/uploads\/2023\/08\/Beh3.jpeg 1280w\" sizes=\"auto, (max-width: 1024px) 100vw, 1024px\" \/><\/figure>\n<\/figure>\n\n\n\n<p>Die Auswahl der Themen f\u00fcr das Training, wie Festnahmen mit anschlie\u00dfender Kontrolle, Zugriffe am PKW, Verbringung in Dienstfahrzeugen und Selbstschutz der Beamten, ist \u00e4u\u00dferst relevant und zeigt, dass die Organisatoren darauf bedacht waren, praxisnahe Situationen zu simulieren und den Teilnehmern die erforderlichen Fertigkeiten zu vermitteln. Die Beteiligung von erfahrenen Referenten aus verschiedenen Bereichen, darunter Polizei, Ausl\u00e4nderamt und Justiz, ist ebenfalls von gro\u00dfem Nutzen, da sie unterschiedliche Perspektiven und Fachkenntnisse einbringen k\u00f6nnen.<\/p>\n\n\n\n<p>Die Tatsache, dass die Teilnehmer engagiert am Training teilgenommen haben und positive R\u00fcckmeldungen gegeben haben, spricht f\u00fcr die Qualit\u00e4t des Lehrgangs und die Relevanz der behandelten Themen. Es ist klar, dass das Interesse und die Bereitschaft zur Zusammenarbeit vorhanden ist, um die Sicherheit der Staatsbediensteten zu gew\u00e4hrleisten und professionell auf herausfordernde Situationen zu reagieren.<\/p>\n\n\n\n<p>Es ist auch erfreulich zu erfahren, dass der n\u00e4chste Lehrgang bereits geplant ist und am 04. November 2023 in Bocholt stattfinden wird.<\/p>\n\n\n\n<p>Die Fortsetzung solcher Schulungen und Trainings wird zweifellos dazu beitragen, die F\u00e4higkeiten und das Bewusstsein der Teilnehmer weiter zu st\u00e4rken, um den Herausforderungen des Berufslebens effektiv zu begegnen und die Sicherheit der \u00d6ffentlichkeit zu gew\u00e4hrleisten.<\/p>\n\n\n\n<p><br>Einen Dank an die Referenten Christian Schl\u00e4ger (Polizei), Uli Muchow (Polizei)Damir Kadic (Ausl\u00e4nderamt), Silvio L\u00fcttgens (JVA) und Andreas Dern (Polizei).<\/p>\n\n\n\n<p>Bericht und Bilder Andreas Dern<\/p>\n","protected":false},"excerpt":{"rendered":"<p>In Zeiten, wo man fast t\u00e4glich von \u00dcbergriffen auf Staatsbedienstete liest, trafen sich 26 Angeh\u00f6rige dieser Zielgruppe am 12. August 2023 in der Justizschule Wuppertal zum gemeinsamen Training. Diese Zielgruppe bestand aus Angeh\u00f6rigen der Polizei, Justiz, Zentrale Ausl\u00e4nderbeh\u00f6rde (ZAB) und verschiedener Ordnungsbeh\u00f6rden. Es ist lobenswert, dass Angeh\u00f6rige von verschiedenen staatlichen Beh\u00f6rden sich zu einem gemeinsamen [&hellip;]<\/p>\n","protected":false},"author":3,"featured_media":1783,"comment_status":"closed","ping_status":"open","sticky":false,"template":"","format":"standard","meta":{"site-sidebar-layout":"default","site-content-layout":"","ast-site-content-layout":"default","site-content-style":"default","site-sidebar-style":"default","ast-global-header-display":"","ast-banner-title-visibility":"","ast-main-header-display":"","ast-hfb-above-header-display":"","ast-hfb-below-header-display":"","ast-hfb-mobile-header-display":"","site-post-title":"","ast-breadcrumbs-content":"","ast-featured-img":"","footer-sml-layout":"","ast-disable-related-posts":"","theme-transparent-header-meta":"","adv-header-id-meta":"","stick-header-meta":"","header-above-stick-meta":"","header-main-stick-meta":"","header-below-stick-meta":"","astra-migrate-meta-layouts":"set","ast-page-background-enabled":"default","ast-page-background-meta":{"desktop":{"background-color":"var(--ast-global-color-4)","background-image":"","background-repeat":"repeat","background-position":"center center","background-size":"auto","background-attachment":"scroll","background-type":"","background-media":"","overlay-type":"","overlay-color":"","overlay-opacity":"","overlay-gradient":""},"tablet":{"background-color":"","background-image":"","background-repeat":"repeat","background-position":"center center","background-size":"auto","background-attachment":"scroll","background-type":"","background-media":"","overlay-type":"","overlay-color":"","overlay-opacity":"","overlay-gradient":""},"mobile":{"background-color":"","background-image":"","background-repeat":"repeat","background-position":"center center","background-size":"auto","background-attachment":"scroll","background-type":"","background-media":"","overlay-type":"","overlay-color":"","overlay-opacity":"","overlay-gradient":""}},"ast-content-background-meta":{"desktop":{"background-color":"var(--ast-global-color-5)","background-image":"","background-repeat":"repeat","background-position":"center center","background-size":"auto","background-attachment":"scroll","background-type":"","background-media":"","overlay-type":"","overlay-color":"","overlay-opacity":"","overlay-gradient":""},"tablet":{"background-color":"var(--ast-global-color-5)","background-image":"","background-repeat":"repeat","background-position":"center center","background-size":"auto","background-attachment":"scroll","background-type":"","background-media":"","overlay-type":"","overlay-color":"","overlay-opacity":"","overlay-gradient":""},"mobile":{"background-color":"var(--ast-global-color-5)","background-image":"","background-repeat":"repeat","background-position":"center center","background-size":"auto","background-attachment":"scroll","background-type":"","background-media":"","overlay-type":"","overlay-color":"","overlay-opacity":"","overlay-gradient":""}},"footnotes":""},"categories":[3],"tags":[],"class_list":["post-1782","post","type-post","status-publish","format-standard","has-post-thumbnail","hentry","category-news"],"_links":{"self":[{"href":"https:\/\/nwjjv.eu\/index.php?rest_route=\/wp\/v2\/posts\/1782","targetHints":{"allow":["GET"]}}],"collection":[{"href":"https:\/\/nwjjv.eu\/index.php?rest_route=\/wp\/v2\/posts"}],"about":[{"href":"https:\/\/nwjjv.eu\/index.php?rest_route=\/wp\/v2\/types\/post"}],"author":[{"embeddable":true,"href":"https:\/\/nwjjv.eu\/index.php?rest_route=\/wp\/v2\/users\/3"}],"replies":[{"embeddable":true,"href":"https:\/\/nwjjv.eu\/index.php?rest_route=%2Fwp%2Fv2%2Fcomments&post=1782"}],"version-history":[{"count":1,"href":"https:\/\/nwjjv.eu\/index.php?rest_route=\/wp\/v2\/posts\/1782\/revisions"}],"predecessor-version":[{"id":1786,"href":"https:\/\/nwjjv.eu\/index.php?rest_route=\/wp\/v2\/posts\/1782\/revisions\/1786"}],"wp:featuredmedia":[{"embeddable":true,"href":"https:\/\/nwjjv.eu\/index.php?rest_route=\/wp\/v2\/media\/1783"}],"wp:attachment":[{"href":"https:\/\/nwjjv.eu\/index.php?rest_route=%2Fwp%2Fv2%2Fmedia&parent=1782"}],"wp:term":[{"taxonomy":"category","embeddable":true,"href":"https:\/\/nwjjv.eu\/index.php?rest_route=%2Fwp%2Fv2%2Fcategories&post=1782"},{"taxonomy":"post_tag","embeddable":true,"href":"https:\/\/nwjjv.eu\/index.php?rest_route=%2Fwp%2Fv2%2Ftags&post=1782"}],"curies":[{"name":"wp","href":"https:\/\/api.w.org\/{rel}","templated":true}]}}