{"id":1816,"date":"2023-09-13T14:32:47","date_gmt":"2023-09-13T12:32:47","guid":{"rendered":"https:\/\/nwjjv.eu\/?p=1816"},"modified":"2023-09-13T14:32:47","modified_gmt":"2023-09-13T12:32:47","slug":"25-jahre-ju-jutsu-bei-der-tg-herford","status":"publish","type":"post","link":"https:\/\/nwjjv.eu\/?p=1816","title":{"rendered":"25 Jahre Ju Jutsu bei der TG Herford"},"content":{"rendered":"\n<p>Seit 25 Jahren wird unser Ju Jutsu auch in der Turngemeinde Herford angeboten.<\/p>\n\n\n\n<p>Die Abteilung wurde 1998 unter Volker Koser (+2004) gegr\u00fcndet. Seit 2005 leitet Stefan Kochsiek die Abteilung.<\/p>\n\n\n\n<p>Im Jahre 2009 wurde das Angebot f\u00fcr Jugendliche und Kinder erweitert. Dies bescherte uns einen deutlichen Mitgliederzuwachs.<\/p>\n\n\n\n<p>2016 wurde mit wachsendem Erfolg das Brazilian Jiu Jitsu eingef\u00fchrt. Die erstmalige Teilnahme an Wettk\u00e4mpfen erfolgte 2017, \u00fcber die Erfolge wurde hier berichtet. Von der 2018 erfolgte Fusion mit unseren Judoka zur Budo-Abteilung profitieren alle Budoka bei uns. Soviel zur Chronik.<\/p>\n\n\n\n<p>Zum Jubil\u00e4um wurden am 09. Und 10. September gleich zwei Referenten zu Lehrg\u00e4ngen eingeladen:<\/p>\n\n\n\n<p>Anstelle des erkrankten Achim Hanke ist Michael Naber mit dem Thema Stock und Messer eingesprungen. Beim Stock gab es ein gelungenes, kompaktes Gesamtpaket von der Kontrolle des Waffenarms \u00fcber die Entwaffnung bis zu Folgetechniken, waffenlos oder mit dem Stock.<\/p>\n\n\n\n<p>Die etwa k\u00fcrzere Messereinheit folgte einem \u00e4hnlichen Prinzip. Hier legte Michael auch nach erfolgreicher Entwaffnung Wert auf die erfolgreiche Flucht vor dieser gef\u00e4hrlichen Waffe, was mir sehr gut gefallen hat.<\/p>\n\n\n\n<figure class=\"wp-block-gallery has-nested-images columns-default is-cropped wp-block-gallery-1 is-layout-flex wp-block-gallery-is-layout-flex\">\n<figure class=\"wp-block-image size-large\"><img loading=\"lazy\" decoding=\"async\" width=\"1024\" height=\"683\" data-id=\"1820\" src=\"https:\/\/nwjjv.eu\/wp-content\/uploads\/2023\/09\/Sa4-1024x683.jpg\" alt=\"\" class=\"wp-image-1820\" srcset=\"https:\/\/nwjjv.eu\/wp-content\/uploads\/2023\/09\/Sa4-1024x683.jpg 1024w, https:\/\/nwjjv.eu\/wp-content\/uploads\/2023\/09\/Sa4-300x200.jpg 300w, https:\/\/nwjjv.eu\/wp-content\/uploads\/2023\/09\/Sa4-768x512.jpg 768w, https:\/\/nwjjv.eu\/wp-content\/uploads\/2023\/09\/Sa4-1536x1024.jpg 1536w, https:\/\/nwjjv.eu\/wp-content\/uploads\/2023\/09\/Sa4-2048x1365.jpg 2048w\" sizes=\"auto, (max-width: 1024px) 100vw, 1024px\" \/><\/figure>\n\n\n\n<figure class=\"wp-block-image size-large\"><img loading=\"lazy\" decoding=\"async\" width=\"1024\" height=\"683\" data-id=\"1819\" src=\"https:\/\/nwjjv.eu\/wp-content\/uploads\/2023\/09\/Sa7-1024x683.jpg\" alt=\"\" class=\"wp-image-1819\" srcset=\"https:\/\/nwjjv.eu\/wp-content\/uploads\/2023\/09\/Sa7-1024x683.jpg 1024w, https:\/\/nwjjv.eu\/wp-content\/uploads\/2023\/09\/Sa7-300x200.jpg 300w, https:\/\/nwjjv.eu\/wp-content\/uploads\/2023\/09\/Sa7-768x512.jpg 768w, https:\/\/nwjjv.eu\/wp-content\/uploads\/2023\/09\/Sa7-1536x1024.jpg 1536w, https:\/\/nwjjv.eu\/wp-content\/uploads\/2023\/09\/Sa7-2048x1365.jpg 2048w\" sizes=\"auto, (max-width: 1024px) 100vw, 1024px\" \/><\/figure>\n\n\n\n<figure class=\"wp-block-image size-large\"><img loading=\"lazy\" decoding=\"async\" width=\"1024\" height=\"683\" data-id=\"1818\" src=\"https:\/\/nwjjv.eu\/wp-content\/uploads\/2023\/09\/sa8-1024x683.jpg\" alt=\"\" class=\"wp-image-1818\" srcset=\"https:\/\/nwjjv.eu\/wp-content\/uploads\/2023\/09\/sa8-1024x683.jpg 1024w, https:\/\/nwjjv.eu\/wp-content\/uploads\/2023\/09\/sa8-300x200.jpg 300w, https:\/\/nwjjv.eu\/wp-content\/uploads\/2023\/09\/sa8-768x512.jpg 768w, https:\/\/nwjjv.eu\/wp-content\/uploads\/2023\/09\/sa8-1536x1024.jpg 1536w, https:\/\/nwjjv.eu\/wp-content\/uploads\/2023\/09\/sa8-2048x1365.jpg 2048w\" sizes=\"auto, (max-width: 1024px) 100vw, 1024px\" \/><\/figure>\n<\/figure>\n\n\n\n<p>Bei der BJJ Einheit von Peter Schira lag der Fokus auf dem Passieren der offenen Guard sowie die Kontrolle des gegnerischen R\u00fcckens. F\u00fcr alle, obe BJJ Neuling oder schon l\u00e4nger dabei, gab es eine L\u00f6sung.<\/p>\n\n\n\n<p>Zum Schluss erhielten einige Herforder BJJ Sportler den verdienten n\u00e4chsten Streifen oder sogar einen dunkleren G\u00fcrtel von Peter.<\/p>\n\n\n\n<figure class=\"wp-block-gallery has-nested-images columns-default is-cropped wp-block-gallery-2 is-layout-flex wp-block-gallery-is-layout-flex\">\n<figure class=\"wp-block-image size-large\"><img loading=\"lazy\" decoding=\"async\" width=\"1024\" height=\"683\" data-id=\"1823\" src=\"https:\/\/nwjjv.eu\/wp-content\/uploads\/2023\/09\/So2-1024x683.jpg\" alt=\"\" class=\"wp-image-1823\" srcset=\"https:\/\/nwjjv.eu\/wp-content\/uploads\/2023\/09\/So2-1024x683.jpg 1024w, https:\/\/nwjjv.eu\/wp-content\/uploads\/2023\/09\/So2-300x200.jpg 300w, https:\/\/nwjjv.eu\/wp-content\/uploads\/2023\/09\/So2-768x512.jpg 768w, https:\/\/nwjjv.eu\/wp-content\/uploads\/2023\/09\/So2-1536x1024.jpg 1536w, https:\/\/nwjjv.eu\/wp-content\/uploads\/2023\/09\/So2-2048x1365.jpg 2048w\" sizes=\"auto, (max-width: 1024px) 100vw, 1024px\" \/><\/figure>\n\n\n\n<figure class=\"wp-block-image size-large\"><img loading=\"lazy\" decoding=\"async\" width=\"1024\" height=\"683\" data-id=\"1824\" src=\"https:\/\/nwjjv.eu\/wp-content\/uploads\/2023\/09\/So5-1024x683.jpg\" alt=\"\" class=\"wp-image-1824\" srcset=\"https:\/\/nwjjv.eu\/wp-content\/uploads\/2023\/09\/So5-1024x683.jpg 1024w, https:\/\/nwjjv.eu\/wp-content\/uploads\/2023\/09\/So5-300x200.jpg 300w, https:\/\/nwjjv.eu\/wp-content\/uploads\/2023\/09\/So5-768x512.jpg 768w, https:\/\/nwjjv.eu\/wp-content\/uploads\/2023\/09\/So5-1536x1024.jpg 1536w, https:\/\/nwjjv.eu\/wp-content\/uploads\/2023\/09\/So5-2048x1365.jpg 2048w\" sizes=\"auto, (max-width: 1024px) 100vw, 1024px\" \/><\/figure>\n\n\n\n<figure class=\"wp-block-image size-large\"><img loading=\"lazy\" decoding=\"async\" width=\"768\" height=\"1024\" data-id=\"1821\" src=\"https:\/\/nwjjv.eu\/wp-content\/uploads\/2023\/09\/So9-768x1024.jpg\" alt=\"\" class=\"wp-image-1821\" srcset=\"https:\/\/nwjjv.eu\/wp-content\/uploads\/2023\/09\/So9-768x1024.jpg 768w, https:\/\/nwjjv.eu\/wp-content\/uploads\/2023\/09\/So9-225x300.jpg 225w, https:\/\/nwjjv.eu\/wp-content\/uploads\/2023\/09\/So9-1152x1536.jpg 1152w, https:\/\/nwjjv.eu\/wp-content\/uploads\/2023\/09\/So9.jpg 1536w\" sizes=\"auto, (max-width: 768px) 100vw, 768px\" \/><\/figure>\n\n\n\n<figure class=\"wp-block-image size-large\"><img loading=\"lazy\" decoding=\"async\" width=\"1536\" height=\"960\" data-id=\"1825\" src=\"https:\/\/nwjjv.eu\/wp-content\/uploads\/2023\/09\/So10-edited.jpg\" alt=\"\" class=\"wp-image-1825\" srcset=\"https:\/\/nwjjv.eu\/wp-content\/uploads\/2023\/09\/So10-edited.jpg 1536w, https:\/\/nwjjv.eu\/wp-content\/uploads\/2023\/09\/So10-edited-300x188.jpg 300w, https:\/\/nwjjv.eu\/wp-content\/uploads\/2023\/09\/So10-edited-1024x640.jpg 1024w, https:\/\/nwjjv.eu\/wp-content\/uploads\/2023\/09\/So10-edited-768x480.jpg 768w\" sizes=\"auto, (max-width: 1536px) 100vw, 1536px\" \/><\/figure>\n<\/figure>\n\n\n\n<p>Insgesamt zwei hervorragende Lehrg\u00e4nge, das Jubil\u00e4um hatte einen w\u00fcrdigen Rahmen mit zufriedenen Sportlern und beide Referenten haben sich weiterempfohlen.<\/p>\n\n\n\n<p>Stefan Kochsiek, NWJJV<\/p>\n","protected":false},"excerpt":{"rendered":"<p>Seit 25 Jahren wird unser Ju Jutsu auch in der Turngemeinde Herford angeboten. Die Abteilung wurde 1998 unter Volker Koser (+2004) gegr\u00fcndet. Seit 2005 leitet Stefan Kochsiek die Abteilung. Im Jahre 2009 wurde das Angebot f\u00fcr Jugendliche und Kinder erweitert. Dies bescherte uns einen deutlichen Mitgliederzuwachs. 2016 wurde mit wachsendem Erfolg das Brazilian Jiu Jitsu [&hellip;]<\/p>\n","protected":false},"author":3,"featured_media":1817,"comment_status":"closed","ping_status":"open","sticky":false,"template":"","format":"standard","meta":{"site-sidebar-layout":"default","site-content-layout":"","ast-site-content-layout":"default","site-content-style":"default","site-sidebar-style":"default","ast-global-header-display":"","ast-banner-title-visibility":"","ast-main-header-display":"","ast-hfb-above-header-display":"","ast-hfb-below-header-display":"","ast-hfb-mobile-header-display":"","site-post-title":"","ast-breadcrumbs-content":"","ast-featured-img":"","footer-sml-layout":"","ast-disable-related-posts":"","theme-transparent-header-meta":"","adv-header-id-meta":"","stick-header-meta":"","header-above-stick-meta":"","header-main-stick-meta":"","header-below-stick-meta":"","astra-migrate-meta-layouts":"set","ast-page-background-enabled":"default","ast-page-background-meta":{"desktop":{"background-color":"var(--ast-global-color-4)","background-image":"","background-repeat":"repeat","background-position":"center center","background-size":"auto","background-attachment":"scroll","background-type":"","background-media":"","overlay-type":"","overlay-color":"","overlay-opacity":"","overlay-gradient":""},"tablet":{"background-color":"","background-image":"","background-repeat":"repeat","background-position":"center center","background-size":"auto","background-attachment":"scroll","background-type":"","background-media":"","overlay-type":"","overlay-color":"","overlay-opacity":"","overlay-gradient":""},"mobile":{"background-color":"","background-image":"","background-repeat":"repeat","background-position":"center center","background-size":"auto","background-attachment":"scroll","background-type":"","background-media":"","overlay-type":"","overlay-color":"","overlay-opacity":"","overlay-gradient":""}},"ast-content-background-meta":{"desktop":{"background-color":"var(--ast-global-color-5)","background-image":"","background-repeat":"repeat","background-position":"center center","background-size":"auto","background-attachment":"scroll","background-type":"","background-media":"","overlay-type":"","overlay-color":"","overlay-opacity":"","overlay-gradient":""},"tablet":{"background-color":"var(--ast-global-color-5)","background-image":"","background-repeat":"repeat","background-position":"center center","background-size":"auto","background-attachment":"scroll","background-type":"","background-media":"","overlay-type":"","overlay-color":"","overlay-opacity":"","overlay-gradient":""},"mobile":{"background-color":"var(--ast-global-color-5)","background-image":"","background-repeat":"repeat","background-position":"center center","background-size":"auto","background-attachment":"scroll","background-type":"","background-media":"","overlay-type":"","overlay-color":"","overlay-opacity":"","overlay-gradient":""}},"footnotes":""},"categories":[3],"tags":[],"class_list":["post-1816","post","type-post","status-publish","format-standard","has-post-thumbnail","hentry","category-news"],"_links":{"self":[{"href":"https:\/\/nwjjv.eu\/index.php?rest_route=\/wp\/v2\/posts\/1816","targetHints":{"allow":["GET"]}}],"collection":[{"href":"https:\/\/nwjjv.eu\/index.php?rest_route=\/wp\/v2\/posts"}],"about":[{"href":"https:\/\/nwjjv.eu\/index.php?rest_route=\/wp\/v2\/types\/post"}],"author":[{"embeddable":true,"href":"https:\/\/nwjjv.eu\/index.php?rest_route=\/wp\/v2\/users\/3"}],"replies":[{"embeddable":true,"href":"https:\/\/nwjjv.eu\/index.php?rest_route=%2Fwp%2Fv2%2Fcomments&post=1816"}],"version-history":[{"count":1,"href":"https:\/\/nwjjv.eu\/index.php?rest_route=\/wp\/v2\/posts\/1816\/revisions"}],"predecessor-version":[{"id":1826,"href":"https:\/\/nwjjv.eu\/index.php?rest_route=\/wp\/v2\/posts\/1816\/revisions\/1826"}],"wp:featuredmedia":[{"embeddable":true,"href":"https:\/\/nwjjv.eu\/index.php?rest_route=\/wp\/v2\/media\/1817"}],"wp:attachment":[{"href":"https:\/\/nwjjv.eu\/index.php?rest_route=%2Fwp%2Fv2%2Fmedia&parent=1816"}],"wp:term":[{"taxonomy":"category","embeddable":true,"href":"https:\/\/nwjjv.eu\/index.php?rest_route=%2Fwp%2Fv2%2Fcategories&post=1816"},{"taxonomy":"post_tag","embeddable":true,"href":"https:\/\/nwjjv.eu\/index.php?rest_route=%2Fwp%2Fv2%2Ftags&post=1816"}],"curies":[{"name":"wp","href":"https:\/\/api.w.org\/{rel}","templated":true}]}}