{"id":1827,"date":"2023-09-14T14:48:08","date_gmt":"2023-09-14T12:48:08","guid":{"rendered":"https:\/\/nwjjv.eu\/?p=1827"},"modified":"2023-09-14T14:48:08","modified_gmt":"2023-09-14T12:48:08","slug":"lehrgang-der-grossmeister-beim-tc-kreuzau","status":"publish","type":"post","link":"https:\/\/nwjjv.eu\/?p=1827","title":{"rendered":"&#8222;Lehrgang der Gro\u00dfmeister&#8220; beim TC Kreuzau"},"content":{"rendered":"\n<p><\/p>\n\n\n\n<p>Am vergangenen Wochenende fand beim TC Kreuzau ein au\u00dfergew\u00f6hnlicher Landeslehrgang Technik statt, der unter dem Thema &#8222;Lehrgang der Gro\u00dfmeister&#8220; stand. Die Veranstaltung war ein wahrer H\u00f6hepunkt f\u00fcr alle Ju-Jutsu-Enthusiasten in der Region und bot eine einzigartige Gelegenheit, von hochqualifizierten Gro\u00dfmeistern zu lernen.<\/p>\n\n\n\n<p>Die drei renommierten Referenten, die die Ju-Jutsu Grundprinzipien lehrten und den Facettenreichtum dieser Kampfkunst vermittelten, waren Dieter Call (9. Dan Ju-Jutsu), Heinz Sch\u00e4fer (7. Dan Ju-Jutsu) und Walter Halmes (7. Dan). Diese Meister ihres Fachs sorgten daf\u00fcr, dass die Teilnehmer in den Genuss eines umfassenden Trainingskurses kamen, der sowohl Anf\u00e4ngern als auch Fortgeschrittenen wertvolle Einblicke in die Kunst des Ju-Jutsu bot.<\/p>\n\n\n\n<p>Die Organisatoren des Lehrgangs teilten die Teilnehmer in drei Gruppen ein, und alle hatten die Gelegenheit, nach jeder Stunde zu rotieren, um die verschiedenen Ans\u00e4tze und Techniken der Gro\u00dfmeister zu erleben. Diese Methode erm\u00f6glichte es den Teilnehmern, von jedem der Referenten zu lernen und von ihrem immensen Wissen zu profitieren.<\/p>\n\n\n\n<p>Die Er\u00f6ffnungszeremonie wurde von H. Titz, dem Vertreter des TC Kreuzau, und dem Bezirksvertreter aus Aachen durchgef\u00fchrt, wodurch die Bedeutung dieser Veranstaltung f\u00fcr die Region hervorgehoben wurde. Im Anschluss an die Begr\u00fc\u00dfung wurde eine besondere Ehrung durchgef\u00fchrt, die vom Pr\u00e4sidenten des NWJJV, Werner Dermann (7. Dan), geleitet wurde. Weitere Details zu dieser Ehrung k\u00f6nnen Sie einem gesonderten Bericht entnehmen.<\/p>\n\n\n\n<p>Besonders bemerkenswert war auch die Teilnahme von Sportkameraden aus Belgien, darunter zwei Gro\u00dfmeister, die aktiv am Lehrgang teilnahmen und somit ihre Verbundenheit zur Ju-Jutsu-Community in der Region zum Ausdruck brachten. Diese internationale Beteiligung unterstreicht die Bedeutung und den Stellenwert dieses Lehrgangs \u00fcber die Landesgrenzen hinaus.<\/p>\n\n\n\n<figure class=\"wp-block-gallery has-nested-images columns-default is-cropped wp-block-gallery-1 is-layout-flex wp-block-gallery-is-layout-flex\">\n<figure class=\"wp-block-image size-large\"><img loading=\"lazy\" decoding=\"async\" width=\"1024\" height=\"576\" data-id=\"1832\" src=\"https:\/\/nwjjv.eu\/wp-content\/uploads\/2023\/09\/GM1-1024x576.jpg\" alt=\"\" class=\"wp-image-1832\" srcset=\"https:\/\/nwjjv.eu\/wp-content\/uploads\/2023\/09\/GM1-1024x576.jpg 1024w, https:\/\/nwjjv.eu\/wp-content\/uploads\/2023\/09\/GM1-300x169.jpg 300w, https:\/\/nwjjv.eu\/wp-content\/uploads\/2023\/09\/GM1-768x432.jpg 768w, https:\/\/nwjjv.eu\/wp-content\/uploads\/2023\/09\/GM1-1536x864.jpg 1536w, https:\/\/nwjjv.eu\/wp-content\/uploads\/2023\/09\/GM1-2048x1152.jpg 2048w\" sizes=\"auto, (max-width: 1024px) 100vw, 1024px\" \/><\/figure>\n\n\n\n<figure class=\"wp-block-image size-large\"><img loading=\"lazy\" decoding=\"async\" width=\"1024\" height=\"576\" data-id=\"1829\" src=\"https:\/\/nwjjv.eu\/wp-content\/uploads\/2023\/09\/GM2-1024x576.jpg\" alt=\"\" class=\"wp-image-1829\" srcset=\"https:\/\/nwjjv.eu\/wp-content\/uploads\/2023\/09\/GM2-1024x576.jpg 1024w, https:\/\/nwjjv.eu\/wp-content\/uploads\/2023\/09\/GM2-300x169.jpg 300w, https:\/\/nwjjv.eu\/wp-content\/uploads\/2023\/09\/GM2-768x432.jpg 768w, https:\/\/nwjjv.eu\/wp-content\/uploads\/2023\/09\/GM2-1536x864.jpg 1536w, https:\/\/nwjjv.eu\/wp-content\/uploads\/2023\/09\/GM2-2048x1152.jpg 2048w\" sizes=\"auto, (max-width: 1024px) 100vw, 1024px\" \/><\/figure>\n\n\n\n<figure class=\"wp-block-image size-large\"><img loading=\"lazy\" decoding=\"async\" width=\"1024\" height=\"576\" data-id=\"1831\" src=\"https:\/\/nwjjv.eu\/wp-content\/uploads\/2023\/09\/GM4-1024x576.jpg\" alt=\"\" class=\"wp-image-1831\" srcset=\"https:\/\/nwjjv.eu\/wp-content\/uploads\/2023\/09\/GM4-1024x576.jpg 1024w, https:\/\/nwjjv.eu\/wp-content\/uploads\/2023\/09\/GM4-300x169.jpg 300w, https:\/\/nwjjv.eu\/wp-content\/uploads\/2023\/09\/GM4-768x432.jpg 768w, https:\/\/nwjjv.eu\/wp-content\/uploads\/2023\/09\/GM4-1536x864.jpg 1536w, https:\/\/nwjjv.eu\/wp-content\/uploads\/2023\/09\/GM4-2048x1152.jpg 2048w\" sizes=\"auto, (max-width: 1024px) 100vw, 1024px\" \/><\/figure>\n\n\n\n<figure class=\"wp-block-image size-large\"><img loading=\"lazy\" decoding=\"async\" width=\"1024\" height=\"576\" data-id=\"1830\" src=\"https:\/\/nwjjv.eu\/wp-content\/uploads\/2023\/09\/GM5-1024x576.jpg\" alt=\"\" class=\"wp-image-1830\" srcset=\"https:\/\/nwjjv.eu\/wp-content\/uploads\/2023\/09\/GM5-1024x576.jpg 1024w, https:\/\/nwjjv.eu\/wp-content\/uploads\/2023\/09\/GM5-300x169.jpg 300w, https:\/\/nwjjv.eu\/wp-content\/uploads\/2023\/09\/GM5-768x432.jpg 768w, https:\/\/nwjjv.eu\/wp-content\/uploads\/2023\/09\/GM5-1536x864.jpg 1536w, https:\/\/nwjjv.eu\/wp-content\/uploads\/2023\/09\/GM5-2048x1152.jpg 2048w\" sizes=\"auto, (max-width: 1024px) 100vw, 1024px\" \/><\/figure>\n<\/figure>\n\n\n\n<p>Insgesamt war dieser Landeslehrgang &#8222;Lehrgang der Gro\u00dfmeister&#8220; beim TC Kreuzau ein einzigartiges Erlebnis f\u00fcr alle Ju-Jutsu-Begeisterten im Bezirk Aachen. Die Gelegenheit, mit insgesamt acht Gro\u00dfmeistern sich aus zu tauschen, zu lernen und ihre Expertise zu erleben, ist zweifellos eine seltene und wertvolle Erfahrung, die die Teilnehmer sicherlich noch lange in Erinnerung behalten werden.<\/p>\n\n\n\n<p>Werner Petersen, NWJJV<\/p>\n","protected":false},"excerpt":{"rendered":"<p>Am vergangenen Wochenende fand beim TC Kreuzau ein au\u00dfergew\u00f6hnlicher Landeslehrgang Technik statt, der unter dem Thema &#8222;Lehrgang der Gro\u00dfmeister&#8220; stand. Die Veranstaltung war ein wahrer H\u00f6hepunkt f\u00fcr alle Ju-Jutsu-Enthusiasten in der Region und bot eine einzigartige Gelegenheit, von hochqualifizierten Gro\u00dfmeistern zu lernen. Die drei renommierten Referenten, die die Ju-Jutsu Grundprinzipien lehrten und den Facettenreichtum dieser [&hellip;]<\/p>\n","protected":false},"author":3,"featured_media":1828,"comment_status":"closed","ping_status":"open","sticky":false,"template":"","format":"standard","meta":{"site-sidebar-layout":"default","site-content-layout":"","ast-site-content-layout":"default","site-content-style":"default","site-sidebar-style":"default","ast-global-header-display":"","ast-banner-title-visibility":"","ast-main-header-display":"","ast-hfb-above-header-display":"","ast-hfb-below-header-display":"","ast-hfb-mobile-header-display":"","site-post-title":"","ast-breadcrumbs-content":"","ast-featured-img":"","footer-sml-layout":"","ast-disable-related-posts":"","theme-transparent-header-meta":"","adv-header-id-meta":"","stick-header-meta":"","header-above-stick-meta":"","header-main-stick-meta":"","header-below-stick-meta":"","astra-migrate-meta-layouts":"set","ast-page-background-enabled":"default","ast-page-background-meta":{"desktop":{"background-color":"var(--ast-global-color-4)","background-image":"","background-repeat":"repeat","background-position":"center center","background-size":"auto","background-attachment":"scroll","background-type":"","background-media":"","overlay-type":"","overlay-color":"","overlay-opacity":"","overlay-gradient":""},"tablet":{"background-color":"","background-image":"","background-repeat":"repeat","background-position":"center center","background-size":"auto","background-attachment":"scroll","background-type":"","background-media":"","overlay-type":"","overlay-color":"","overlay-opacity":"","overlay-gradient":""},"mobile":{"background-color":"","background-image":"","background-repeat":"repeat","background-position":"center center","background-size":"auto","background-attachment":"scroll","background-type":"","background-media":"","overlay-type":"","overlay-color":"","overlay-opacity":"","overlay-gradient":""}},"ast-content-background-meta":{"desktop":{"background-color":"var(--ast-global-color-5)","background-image":"","background-repeat":"repeat","background-position":"center center","background-size":"auto","background-attachment":"scroll","background-type":"","background-media":"","overlay-type":"","overlay-color":"","overlay-opacity":"","overlay-gradient":""},"tablet":{"background-color":"var(--ast-global-color-5)","background-image":"","background-repeat":"repeat","background-position":"center center","background-size":"auto","background-attachment":"scroll","background-type":"","background-media":"","overlay-type":"","overlay-color":"","overlay-opacity":"","overlay-gradient":""},"mobile":{"background-color":"var(--ast-global-color-5)","background-image":"","background-repeat":"repeat","background-position":"center center","background-size":"auto","background-attachment":"scroll","background-type":"","background-media":"","overlay-type":"","overlay-color":"","overlay-opacity":"","overlay-gradient":""}},"footnotes":""},"categories":[3],"tags":[],"class_list":["post-1827","post","type-post","status-publish","format-standard","has-post-thumbnail","hentry","category-news"],"_links":{"self":[{"href":"https:\/\/nwjjv.eu\/index.php?rest_route=\/wp\/v2\/posts\/1827","targetHints":{"allow":["GET"]}}],"collection":[{"href":"https:\/\/nwjjv.eu\/index.php?rest_route=\/wp\/v2\/posts"}],"about":[{"href":"https:\/\/nwjjv.eu\/index.php?rest_route=\/wp\/v2\/types\/post"}],"author":[{"embeddable":true,"href":"https:\/\/nwjjv.eu\/index.php?rest_route=\/wp\/v2\/users\/3"}],"replies":[{"embeddable":true,"href":"https:\/\/nwjjv.eu\/index.php?rest_route=%2Fwp%2Fv2%2Fcomments&post=1827"}],"version-history":[{"count":1,"href":"https:\/\/nwjjv.eu\/index.php?rest_route=\/wp\/v2\/posts\/1827\/revisions"}],"predecessor-version":[{"id":1833,"href":"https:\/\/nwjjv.eu\/index.php?rest_route=\/wp\/v2\/posts\/1827\/revisions\/1833"}],"wp:featuredmedia":[{"embeddable":true,"href":"https:\/\/nwjjv.eu\/index.php?rest_route=\/wp\/v2\/media\/1828"}],"wp:attachment":[{"href":"https:\/\/nwjjv.eu\/index.php?rest_route=%2Fwp%2Fv2%2Fmedia&parent=1827"}],"wp:term":[{"taxonomy":"category","embeddable":true,"href":"https:\/\/nwjjv.eu\/index.php?rest_route=%2Fwp%2Fv2%2Fcategories&post=1827"},{"taxonomy":"post_tag","embeddable":true,"href":"https:\/\/nwjjv.eu\/index.php?rest_route=%2Fwp%2Fv2%2Ftags&post=1827"}],"curies":[{"name":"wp","href":"https:\/\/api.w.org\/{rel}","templated":true}]}}