{"id":2948,"date":"2025-03-05T15:56:11","date_gmt":"2025-03-05T14:56:11","guid":{"rendered":"https:\/\/nwjjv.eu\/?p=2948"},"modified":"2025-03-05T15:56:11","modified_gmt":"2025-03-05T14:56:11","slug":"lehreinweisung-und-prueferlizenz-neuerwerb","status":"publish","type":"post","link":"https:\/\/nwjjv.eu\/?p=2948","title":{"rendered":"Lehreinweisung und Pr\u00fcferlizenz Neuerwerb"},"content":{"rendered":"\n<p><\/p>\n\n\n\n<p>Am 01. und 02. M\u00e4rz 2025 fand beim TV Eichen im Siegerland ein zweit\u00e4giger Lehrgang statt.<\/p>\n\n\n\n<p>Thema war zum einen der Erwerb der Lehrbef\u00e4higung, eine Voraussetzung f\u00fcr Dan-Anw\u00e4rter, die \u00fcber keine Trainerlizenz verf\u00fcgen. Zum anderen folgte der praktische Teil des Neuerwerbs der Pr\u00fcferlizenz.<\/p>\n\n\n\n<p>Im umfangreichen theoretischen Teil der Lehreinweisung ging es um Trainingslehre, Aufgaben eines \u00dcbungsleiters, Vermeidung von Verletzungen und erste Ma\u00dfnahmen bei Verletzungen.<\/p>\n\n\n\n<p>Weitere Themen waren der Aufbau eine Unterrichtseinheit, unterschiedliche Trainingsmethoden, Fehleranalyse, Prinzipien des Ju-Jutsu, wie funktioniert eine Technik.<\/p>\n\n\n\n<p>Im praktischen Teil am Sonntag ging es ganz aktuell um die Umsetzung des neuen Pr\u00fcfungsprogramms, Bewertungskriterien bei der Pr\u00fcfung, Fehlerkorrektur, und nochmal um unterschiedliche Trainingsmethoden.<\/p>\n\n\n\n<figure class=\"wp-block-gallery has-nested-images columns-default is-cropped wp-block-gallery-1 is-layout-flex wp-block-gallery-is-layout-flex\">\n<figure class=\"wp-block-image size-large\"><img loading=\"lazy\" decoding=\"async\" width=\"1024\" height=\"768\" data-id=\"2952\" src=\"https:\/\/nwjjv.eu\/wp-content\/uploads\/2025\/03\/andrea-1024x768.jpg\" alt=\"\" class=\"wp-image-2952\" srcset=\"https:\/\/nwjjv.eu\/wp-content\/uploads\/2025\/03\/andrea-1024x768.jpg 1024w, https:\/\/nwjjv.eu\/wp-content\/uploads\/2025\/03\/andrea-300x225.jpg 300w, https:\/\/nwjjv.eu\/wp-content\/uploads\/2025\/03\/andrea-768x576.jpg 768w, https:\/\/nwjjv.eu\/wp-content\/uploads\/2025\/03\/andrea-1536x1152.jpg 1536w, https:\/\/nwjjv.eu\/wp-content\/uploads\/2025\/03\/andrea.jpg 1632w\" sizes=\"auto, (max-width: 1024px) 100vw, 1024px\" \/><\/figure>\n\n\n\n<figure class=\"wp-block-image size-large\"><img loading=\"lazy\" decoding=\"async\" width=\"1024\" height=\"768\" data-id=\"2950\" src=\"https:\/\/nwjjv.eu\/wp-content\/uploads\/2025\/03\/Lehr2-1024x768.jpg\" alt=\"\" class=\"wp-image-2950\" srcset=\"https:\/\/nwjjv.eu\/wp-content\/uploads\/2025\/03\/Lehr2-1024x768.jpg 1024w, https:\/\/nwjjv.eu\/wp-content\/uploads\/2025\/03\/Lehr2-300x225.jpg 300w, https:\/\/nwjjv.eu\/wp-content\/uploads\/2025\/03\/Lehr2-768x576.jpg 768w, https:\/\/nwjjv.eu\/wp-content\/uploads\/2025\/03\/Lehr2-1536x1152.jpg 1536w, https:\/\/nwjjv.eu\/wp-content\/uploads\/2025\/03\/Lehr2.jpg 1632w\" sizes=\"auto, (max-width: 1024px) 100vw, 1024px\" \/><\/figure>\n\n\n\n<figure class=\"wp-block-image size-large\"><img loading=\"lazy\" decoding=\"async\" width=\"768\" height=\"1024\" data-id=\"2951\" src=\"https:\/\/nwjjv.eu\/wp-content\/uploads\/2025\/03\/lehr3-768x1024.jpg\" alt=\"\" class=\"wp-image-2951\" srcset=\"https:\/\/nwjjv.eu\/wp-content\/uploads\/2025\/03\/lehr3-768x1024.jpg 768w, https:\/\/nwjjv.eu\/wp-content\/uploads\/2025\/03\/lehr3-225x300.jpg 225w, https:\/\/nwjjv.eu\/wp-content\/uploads\/2025\/03\/lehr3-1152x1536.jpg 1152w, https:\/\/nwjjv.eu\/wp-content\/uploads\/2025\/03\/lehr3-rotated.jpg 1224w\" sizes=\"auto, (max-width: 768px) 100vw, 768px\" \/><\/figure>\n<\/figure>\n\n\n\n<p>Ein letzter Hinweis: Es sind dieses Jahr weitere Trainerfortbildungen geplant:<\/p>\n\n\n\n<p>Am 22.03.2025 in Petershagen mit Pr\u00fcfungsreferent Didi Krems, sowie am 18.05. und 14.09.2025 wieder bei Wolfgang Kroel beim TV Eichen.<\/p>\n\n\n\n<p>Stefan Kochsiek, NWJJV<\/p>\n","protected":false},"excerpt":{"rendered":"<p>Am 01. und 02. M\u00e4rz 2025 fand beim TV Eichen im Siegerland ein zweit\u00e4giger Lehrgang statt. Thema war zum einen der Erwerb der Lehrbef\u00e4higung, eine Voraussetzung f\u00fcr Dan-Anw\u00e4rter, die \u00fcber keine Trainerlizenz verf\u00fcgen. Zum anderen folgte der praktische Teil des Neuerwerbs der Pr\u00fcferlizenz. Im umfangreichen theoretischen Teil der Lehreinweisung ging es um Trainingslehre, Aufgaben eines [&hellip;]<\/p>\n","protected":false},"author":3,"featured_media":2949,"comment_status":"closed","ping_status":"open","sticky":false,"template":"","format":"standard","meta":{"site-sidebar-layout":"default","site-content-layout":"","ast-site-content-layout":"default","site-content-style":"default","site-sidebar-style":"default","ast-global-header-display":"","ast-banner-title-visibility":"","ast-main-header-display":"","ast-hfb-above-header-display":"","ast-hfb-below-header-display":"","ast-hfb-mobile-header-display":"","site-post-title":"","ast-breadcrumbs-content":"","ast-featured-img":"","footer-sml-layout":"","ast-disable-related-posts":"","theme-transparent-header-meta":"","adv-header-id-meta":"","stick-header-meta":"","header-above-stick-meta":"","header-main-stick-meta":"","header-below-stick-meta":"","astra-migrate-meta-layouts":"set","ast-page-background-enabled":"default","ast-page-background-meta":{"desktop":{"background-color":"var(--ast-global-color-4)","background-image":"","background-repeat":"repeat","background-position":"center center","background-size":"auto","background-attachment":"scroll","background-type":"","background-media":"","overlay-type":"","overlay-color":"","overlay-opacity":"","overlay-gradient":""},"tablet":{"background-color":"","background-image":"","background-repeat":"repeat","background-position":"center center","background-size":"auto","background-attachment":"scroll","background-type":"","background-media":"","overlay-type":"","overlay-color":"","overlay-opacity":"","overlay-gradient":""},"mobile":{"background-color":"","background-image":"","background-repeat":"repeat","background-position":"center center","background-size":"auto","background-attachment":"scroll","background-type":"","background-media":"","overlay-type":"","overlay-color":"","overlay-opacity":"","overlay-gradient":""}},"ast-content-background-meta":{"desktop":{"background-color":"var(--ast-global-color-5)","background-image":"","background-repeat":"repeat","background-position":"center center","background-size":"auto","background-attachment":"scroll","background-type":"","background-media":"","overlay-type":"","overlay-color":"","overlay-opacity":"","overlay-gradient":""},"tablet":{"background-color":"var(--ast-global-color-5)","background-image":"","background-repeat":"repeat","background-position":"center center","background-size":"auto","background-attachment":"scroll","background-type":"","background-media":"","overlay-type":"","overlay-color":"","overlay-opacity":"","overlay-gradient":""},"mobile":{"background-color":"var(--ast-global-color-5)","background-image":"","background-repeat":"repeat","background-position":"center center","background-size":"auto","background-attachment":"scroll","background-type":"","background-media":"","overlay-type":"","overlay-color":"","overlay-opacity":"","overlay-gradient":""}},"footnotes":""},"categories":[3],"tags":[],"class_list":["post-2948","post","type-post","status-publish","format-standard","has-post-thumbnail","hentry","category-news"],"_links":{"self":[{"href":"https:\/\/nwjjv.eu\/index.php?rest_route=\/wp\/v2\/posts\/2948","targetHints":{"allow":["GET"]}}],"collection":[{"href":"https:\/\/nwjjv.eu\/index.php?rest_route=\/wp\/v2\/posts"}],"about":[{"href":"https:\/\/nwjjv.eu\/index.php?rest_route=\/wp\/v2\/types\/post"}],"author":[{"embeddable":true,"href":"https:\/\/nwjjv.eu\/index.php?rest_route=\/wp\/v2\/users\/3"}],"replies":[{"embeddable":true,"href":"https:\/\/nwjjv.eu\/index.php?rest_route=%2Fwp%2Fv2%2Fcomments&post=2948"}],"version-history":[{"count":1,"href":"https:\/\/nwjjv.eu\/index.php?rest_route=\/wp\/v2\/posts\/2948\/revisions"}],"predecessor-version":[{"id":2953,"href":"https:\/\/nwjjv.eu\/index.php?rest_route=\/wp\/v2\/posts\/2948\/revisions\/2953"}],"wp:featuredmedia":[{"embeddable":true,"href":"https:\/\/nwjjv.eu\/index.php?rest_route=\/wp\/v2\/media\/2949"}],"wp:attachment":[{"href":"https:\/\/nwjjv.eu\/index.php?rest_route=%2Fwp%2Fv2%2Fmedia&parent=2948"}],"wp:term":[{"taxonomy":"category","embeddable":true,"href":"https:\/\/nwjjv.eu\/index.php?rest_route=%2Fwp%2Fv2%2Fcategories&post=2948"},{"taxonomy":"post_tag","embeddable":true,"href":"https:\/\/nwjjv.eu\/index.php?rest_route=%2Fwp%2Fv2%2Ftags&post=2948"}],"curies":[{"name":"wp","href":"https:\/\/api.w.org\/{rel}","templated":true}]}}