{"id":3081,"date":"2025-04-11T15:23:02","date_gmt":"2025-04-11T13:23:02","guid":{"rendered":"https:\/\/nwjjv.eu\/?p=3081"},"modified":"2025-04-11T15:23:02","modified_gmt":"2025-04-11T13:23:02","slug":"dan-pruefung-1-2025-in-soest","status":"publish","type":"post","link":"https:\/\/nwjjv.eu\/?p=3081","title":{"rendered":"Dan-Pr\u00fcfung 1\/2025 in Soest"},"content":{"rendered":"\n<p><\/p>\n\n\n\n<p>Diese Pr\u00fcfung war etwas ganz Besonderes \u2013 man kann fast sagen, wir feiern eine Dan-Pr\u00fcfung. Aber ein Schritt nach dem anderen.<\/p>\n\n\n\n<p>Schon die Ankunft war unbeschreiblich: das Organisationsteam des JSC Soest hatte nicht nur bestes Wetter bestellt- sondern ein Ambiente f\u00fcr eine Pr\u00fcfung geschaffen, die ihres Gleichen suchte. Ich habe eine solche Organisation und F\u00fcrsorge in dieser Form noch nicht erleben d\u00fcrfen.<\/p>\n\n\n\n<p>Es waren 2 Kommissionen aufgestellt:<\/p>\n\n\n\n<p>Kommission 1 : Wolfgang Kroel, 9.Dan, Josef Strumann, 6.Dan, Ulrich Petrias, 6.Dan<\/p>\n\n\n\n<p>Kommission 2 : Mike Knefel, 5.Dan, Engelbert Wallek, 5.Dan, Tina Stevermann, 3.Dan<\/p>\n\n\n\n<p>Zu Beginn wurde die Kommission 1 als erstes gefordert: die &nbsp;Demonstration einer traditionellen Kata zu bewerten. Diese Kata wurde hervorragend pr\u00e4sentiert. Hier zeigten sich alle Anwesenden sehr diszipliniert, sodass die Pr\u00e4sentation stilgerecht bei absoluter Ruhe vorgef\u00fchrt wurde. Die Sportler( 2 Senioren +60 ) bewiesen, dass man auch noch in diesem Alter absolut leistungsf\u00e4hig sein kann. Gleichzeitig ist es ein Beleg, dass das Konzept des DJJV bez\u00fcglich Alter im Sport voll aufgeht.<\/p>\n\n\n\n<p>Zum weiteren Verlauf der Pr\u00fcfung:<\/p>\n\n\n\n<figure class=\"wp-block-gallery has-nested-images columns-default is-cropped wp-block-gallery-1 is-layout-flex wp-block-gallery-is-layout-flex\">\n<figure class=\"wp-block-image size-large\"><img loading=\"lazy\" decoding=\"async\" width=\"1024\" height=\"681\" data-id=\"3084\" src=\"https:\/\/nwjjv.eu\/wp-content\/uploads\/2025\/04\/SO2-1024x681.jpg\" alt=\"\" class=\"wp-image-3084\" srcset=\"https:\/\/nwjjv.eu\/wp-content\/uploads\/2025\/04\/SO2-1024x681.jpg 1024w, https:\/\/nwjjv.eu\/wp-content\/uploads\/2025\/04\/SO2-300x199.jpg 300w, https:\/\/nwjjv.eu\/wp-content\/uploads\/2025\/04\/SO2-768x511.jpg 768w, https:\/\/nwjjv.eu\/wp-content\/uploads\/2025\/04\/SO2-1536x1021.jpg 1536w, https:\/\/nwjjv.eu\/wp-content\/uploads\/2025\/04\/SO2-2048x1362.jpg 2048w\" sizes=\"auto, (max-width: 1024px) 100vw, 1024px\" \/><\/figure>\n\n\n\n<figure class=\"wp-block-image size-large\"><img loading=\"lazy\" decoding=\"async\" width=\"1024\" height=\"681\" data-id=\"3083\" src=\"https:\/\/nwjjv.eu\/wp-content\/uploads\/2025\/04\/SO3-1024x681.jpg\" alt=\"\" class=\"wp-image-3083\" srcset=\"https:\/\/nwjjv.eu\/wp-content\/uploads\/2025\/04\/SO3-1024x681.jpg 1024w, https:\/\/nwjjv.eu\/wp-content\/uploads\/2025\/04\/SO3-300x199.jpg 300w, https:\/\/nwjjv.eu\/wp-content\/uploads\/2025\/04\/SO3-768x511.jpg 768w, https:\/\/nwjjv.eu\/wp-content\/uploads\/2025\/04\/SO3-1536x1021.jpg 1536w, https:\/\/nwjjv.eu\/wp-content\/uploads\/2025\/04\/SO3-2048x1362.jpg 2048w\" sizes=\"auto, (max-width: 1024px) 100vw, 1024px\" \/><\/figure>\n<\/figure>\n\n\n\n<p>S\u00e4mtliche Sportler haben die in den Vorbereitungslehrg\u00e4ngen gegeben Ratschl\u00e4ge umgesetzt und demonstrierten ihr K\u00f6nnen vor den beiden Pr\u00fcfungskommissionen, die mit den gezeigten Leistungen absolut zufrieden waren. Positiv aufgefallen ist, dass eine gro\u00dfe Anzahl von Sportlern von \u00fcber 45 Jahren sich einer Dan-Pr\u00fcfung gestellt haben.<\/p>\n\n\n\n<figure class=\"wp-block-gallery has-nested-images columns-default is-cropped wp-block-gallery-2 is-layout-flex wp-block-gallery-is-layout-flex\">\n<figure class=\"wp-block-image size-large\"><img loading=\"lazy\" decoding=\"async\" width=\"1024\" height=\"681\" data-id=\"3086\" src=\"https:\/\/nwjjv.eu\/wp-content\/uploads\/2025\/04\/SO4-1024x681.jpg\" alt=\"\" class=\"wp-image-3086\" srcset=\"https:\/\/nwjjv.eu\/wp-content\/uploads\/2025\/04\/SO4-1024x681.jpg 1024w, https:\/\/nwjjv.eu\/wp-content\/uploads\/2025\/04\/SO4-300x199.jpg 300w, https:\/\/nwjjv.eu\/wp-content\/uploads\/2025\/04\/SO4-768x511.jpg 768w, https:\/\/nwjjv.eu\/wp-content\/uploads\/2025\/04\/SO4-1536x1021.jpg 1536w, https:\/\/nwjjv.eu\/wp-content\/uploads\/2025\/04\/SO4-2048x1362.jpg 2048w\" sizes=\"auto, (max-width: 1024px) 100vw, 1024px\" \/><\/figure>\n\n\n\n<figure class=\"wp-block-image size-large\"><img loading=\"lazy\" decoding=\"async\" width=\"1024\" height=\"768\" data-id=\"3085\" src=\"https:\/\/nwjjv.eu\/wp-content\/uploads\/2025\/04\/SO5-1024x768.jpeg\" alt=\"\" class=\"wp-image-3085\" srcset=\"https:\/\/nwjjv.eu\/wp-content\/uploads\/2025\/04\/SO5-1024x768.jpeg 1024w, https:\/\/nwjjv.eu\/wp-content\/uploads\/2025\/04\/SO5-300x225.jpeg 300w, https:\/\/nwjjv.eu\/wp-content\/uploads\/2025\/04\/SO5-768x576.jpeg 768w, https:\/\/nwjjv.eu\/wp-content\/uploads\/2025\/04\/SO5-1536x1152.jpeg 1536w, https:\/\/nwjjv.eu\/wp-content\/uploads\/2025\/04\/SO5.jpeg 1600w\" sizes=\"auto, (max-width: 1024px) 100vw, 1024px\" \/><\/figure>\n<\/figure>\n\n\n\n<p>Wir d\u00fcrfen folgende Sportler zur neuen Graduierung begl\u00fcckw\u00fcnschen:<\/p>\n\n\n\n<p>Kommission 1 :<\/p>\n\n\n\n<p>Michael Zimmer zum 4.Dan<\/p>\n\n\n\n<p>Johannes Labuda zum 2.Dan<\/p>\n\n\n\n<p>Zum 1.Dan : Benjamin Brixius, Dennis Gockel, Jessica Mischek, Laura-Ann Preu\u00df<\/p>\n\n\n\n<p>Kommission&nbsp; 2:<\/p>\n\n\n\n<p>Zum 1.Dan: &nbsp;Kai Goetze, Sebastian Hoeck, Tino M\u00fcller, Hanna Wasken, Georg Wilhelms und Marc Zobel.<\/p>\n\n\n\n<p>Wie schon angek\u00fcndigt: wir feiern eine Dan-Pr\u00fcfung.<\/p>\n\n\n\n<p>Zum Abschlu\u00df fand noch eine Ehrung durch den Vizepr\u00e4sidenten Breitensport statt:<\/p>\n\n\n\n<p>Karsten Hinz wurde f\u00fcr seine Verdienste im NWJJV und als langj\u00e4hriger Vereinstrainer mit dem 4.Dan geehrt. Eigentlich h\u00e4tte er den schon f\u00fcr seine Kata-Demonstration als Uke f\u00fcr Michael Zimmer verdient ( aber das ist meine pers\u00f6nliche Meinung).<\/p>\n\n\n\n<p>Kurz: noch einmal ein Dankesch\u00f6n an den JSC Soest mit seiner hervorragenden Vorbereitung, den anwesenden Zuschauern, den Sportlern und den Pr\u00fcfern f\u00fcr diesen gelungenen Tag.<\/p>\n\n\n\n<p>Dieter Krems, NWJJV<\/p>\n","protected":false},"excerpt":{"rendered":"<p>Diese Pr\u00fcfung war etwas ganz Besonderes \u2013 man kann fast sagen, wir feiern eine Dan-Pr\u00fcfung. Aber ein Schritt nach dem anderen. Schon die Ankunft war unbeschreiblich: das Organisationsteam des JSC Soest hatte nicht nur bestes Wetter bestellt- sondern ein Ambiente f\u00fcr eine Pr\u00fcfung geschaffen, die ihres Gleichen suchte. Ich habe eine solche Organisation und F\u00fcrsorge [&hellip;]<\/p>\n","protected":false},"author":3,"featured_media":3082,"comment_status":"closed","ping_status":"open","sticky":false,"template":"","format":"standard","meta":{"site-sidebar-layout":"default","site-content-layout":"","ast-site-content-layout":"default","site-content-style":"default","site-sidebar-style":"default","ast-global-header-display":"","ast-banner-title-visibility":"","ast-main-header-display":"","ast-hfb-above-header-display":"","ast-hfb-below-header-display":"","ast-hfb-mobile-header-display":"","site-post-title":"","ast-breadcrumbs-content":"","ast-featured-img":"","footer-sml-layout":"","ast-disable-related-posts":"","theme-transparent-header-meta":"","adv-header-id-meta":"","stick-header-meta":"","header-above-stick-meta":"","header-main-stick-meta":"","header-below-stick-meta":"","astra-migrate-meta-layouts":"set","ast-page-background-enabled":"default","ast-page-background-meta":{"desktop":{"background-color":"var(--ast-global-color-4)","background-image":"","background-repeat":"repeat","background-position":"center center","background-size":"auto","background-attachment":"scroll","background-type":"","background-media":"","overlay-type":"","overlay-color":"","overlay-opacity":"","overlay-gradient":""},"tablet":{"background-color":"","background-image":"","background-repeat":"repeat","background-position":"center center","background-size":"auto","background-attachment":"scroll","background-type":"","background-media":"","overlay-type":"","overlay-color":"","overlay-opacity":"","overlay-gradient":""},"mobile":{"background-color":"","background-image":"","background-repeat":"repeat","background-position":"center center","background-size":"auto","background-attachment":"scroll","background-type":"","background-media":"","overlay-type":"","overlay-color":"","overlay-opacity":"","overlay-gradient":""}},"ast-content-background-meta":{"desktop":{"background-color":"var(--ast-global-color-5)","background-image":"","background-repeat":"repeat","background-position":"center center","background-size":"auto","background-attachment":"scroll","background-type":"","background-media":"","overlay-type":"","overlay-color":"","overlay-opacity":"","overlay-gradient":""},"tablet":{"background-color":"var(--ast-global-color-5)","background-image":"","background-repeat":"repeat","background-position":"center center","background-size":"auto","background-attachment":"scroll","background-type":"","background-media":"","overlay-type":"","overlay-color":"","overlay-opacity":"","overlay-gradient":""},"mobile":{"background-color":"var(--ast-global-color-5)","background-image":"","background-repeat":"repeat","background-position":"center center","background-size":"auto","background-attachment":"scroll","background-type":"","background-media":"","overlay-type":"","overlay-color":"","overlay-opacity":"","overlay-gradient":""}},"footnotes":""},"categories":[3],"tags":[],"class_list":["post-3081","post","type-post","status-publish","format-standard","has-post-thumbnail","hentry","category-news"],"_links":{"self":[{"href":"https:\/\/nwjjv.eu\/index.php?rest_route=\/wp\/v2\/posts\/3081","targetHints":{"allow":["GET"]}}],"collection":[{"href":"https:\/\/nwjjv.eu\/index.php?rest_route=\/wp\/v2\/posts"}],"about":[{"href":"https:\/\/nwjjv.eu\/index.php?rest_route=\/wp\/v2\/types\/post"}],"author":[{"embeddable":true,"href":"https:\/\/nwjjv.eu\/index.php?rest_route=\/wp\/v2\/users\/3"}],"replies":[{"embeddable":true,"href":"https:\/\/nwjjv.eu\/index.php?rest_route=%2Fwp%2Fv2%2Fcomments&post=3081"}],"version-history":[{"count":1,"href":"https:\/\/nwjjv.eu\/index.php?rest_route=\/wp\/v2\/posts\/3081\/revisions"}],"predecessor-version":[{"id":3087,"href":"https:\/\/nwjjv.eu\/index.php?rest_route=\/wp\/v2\/posts\/3081\/revisions\/3087"}],"wp:featuredmedia":[{"embeddable":true,"href":"https:\/\/nwjjv.eu\/index.php?rest_route=\/wp\/v2\/media\/3082"}],"wp:attachment":[{"href":"https:\/\/nwjjv.eu\/index.php?rest_route=%2Fwp%2Fv2%2Fmedia&parent=3081"}],"wp:term":[{"taxonomy":"category","embeddable":true,"href":"https:\/\/nwjjv.eu\/index.php?rest_route=%2Fwp%2Fv2%2Fcategories&post=3081"},{"taxonomy":"post_tag","embeddable":true,"href":"https:\/\/nwjjv.eu\/index.php?rest_route=%2Fwp%2Fv2%2Ftags&post=3081"}],"curies":[{"name":"wp","href":"https:\/\/api.w.org\/{rel}","templated":true}]}}