{"id":3604,"date":"2025-10-08T15:45:53","date_gmt":"2025-10-08T13:45:53","guid":{"rendered":"https:\/\/nwjjv.eu\/?p=3604"},"modified":"2025-10-08T15:45:53","modified_gmt":"2025-10-08T13:45:53","slug":"nwjjv-athleten-bei-der-em-in-belgien","status":"publish","type":"post","link":"https:\/\/nwjjv.eu\/?p=3604","title":{"rendered":"NWJJV Athleten bei der EM in Belgien"},"content":{"rendered":"\n<p><\/p>\n\n\n\n<p>Vom 02. Bis 05.10.2025 wurden die Europameisterschaften U21 und Senioren in all unseren Disziplinen im belgischen Beveren ausgetragen.<\/p>\n\n\n\n<p>F\u00fcr den Ablauf sind Ralf Pollnow als Referee, Andreas Kuhl als Bundestrainer, sowie Tina und Uli Muchow f\u00fcr die Organisation angereist.<\/p>\n\n\n\n<p>Es folgen hier die Platzierungen der NRW Athletinnen und Athleten.<\/p>\n\n\n\n<ul class=\"wp-block-list\">\n<li>Platz 13 f\u00fcr Maksim Lyft, BJJ U21 \u2013 69 kg<\/li>\n\n\n\n<li>Platz 13 f\u00fcr Marvin Loedi, Fighting U21 -62 kg<\/li>\n\n\n\n<li>Platz 9 f\u00fcr Georg Stin, BJJ .62 kg<\/li>\n\n\n\n<li>Platz 9 f\u00fcr Charlotte Kummer, Fighting -52 kg<\/li>\n\n\n\n<li>Platz 7 f\u00fcr Lara Becker und Marjan Eishanzada im Duo<\/li>\n\n\n\n<li>Platz 3 f\u00fcr Katja Winklmaier-Peran BJJ -63 kg<\/li>\n\n\n\n<li>Platz 1 f\u00fcr Louis Theodoridis BJJ +94 kg<\/li>\n\n\n\n<li>Platz 1 F\u00fcr Judith Plasil Fighting -70 kg<\/li>\n\n\n\n<li>Platz 1 F\u00fcr Patrick Stocks, Fighting Masters +94 kg<\/li>\n<\/ul>\n\n\n\n<p>Charlotte und Louis k\u00e4mpften noch in den Teamwettbewerben, hier gab es Platz 3 beim Fighting und Platz 4 beim BJJ.<\/p>\n\n\n\n<p>Das deutsche Team landete in der Gesamtwertung mit 7 Gold-. 8 Silber- und 13 Bronzemedaillen auf dem f\u00fcnften Platz.<\/p>\n\n\n\n<p>Wir sind stolz auf unsere Starterinnen und Starter und gratulieren recht herzlich.<\/p>\n\n\n\n<p>Stefan Kochsiek, NWJJV<\/p>\n","protected":false},"excerpt":{"rendered":"<p>Vom 02. Bis 05.10.2025 wurden die Europameisterschaften U21 und Senioren in all unseren Disziplinen im belgischen Beveren ausgetragen. F\u00fcr den Ablauf sind Ralf Pollnow als Referee, Andreas Kuhl als Bundestrainer, sowie Tina und Uli Muchow f\u00fcr die Organisation angereist. Es folgen hier die Platzierungen der NRW Athletinnen und Athleten. Charlotte und Louis k\u00e4mpften noch in [&hellip;]<\/p>\n","protected":false},"author":3,"featured_media":3605,"comment_status":"closed","ping_status":"open","sticky":false,"template":"","format":"standard","meta":{"site-sidebar-layout":"default","site-content-layout":"","ast-site-content-layout":"default","site-content-style":"default","site-sidebar-style":"default","ast-global-header-display":"","ast-banner-title-visibility":"","ast-main-header-display":"","ast-hfb-above-header-display":"","ast-hfb-below-header-display":"","ast-hfb-mobile-header-display":"","site-post-title":"","ast-breadcrumbs-content":"","ast-featured-img":"","footer-sml-layout":"","ast-disable-related-posts":"","theme-transparent-header-meta":"","adv-header-id-meta":"","stick-header-meta":"","header-above-stick-meta":"","header-main-stick-meta":"","header-below-stick-meta":"","astra-migrate-meta-layouts":"set","ast-page-background-enabled":"default","ast-page-background-meta":{"desktop":{"background-color":"var(--ast-global-color-4)","background-image":"","background-repeat":"repeat","background-position":"center center","background-size":"auto","background-attachment":"scroll","background-type":"","background-media":"","overlay-type":"","overlay-color":"","overlay-opacity":"","overlay-gradient":""},"tablet":{"background-color":"","background-image":"","background-repeat":"repeat","background-position":"center center","background-size":"auto","background-attachment":"scroll","background-type":"","background-media":"","overlay-type":"","overlay-color":"","overlay-opacity":"","overlay-gradient":""},"mobile":{"background-color":"","background-image":"","background-repeat":"repeat","background-position":"center center","background-size":"auto","background-attachment":"scroll","background-type":"","background-media":"","overlay-type":"","overlay-color":"","overlay-opacity":"","overlay-gradient":""}},"ast-content-background-meta":{"desktop":{"background-color":"var(--ast-global-color-5)","background-image":"","background-repeat":"repeat","background-position":"center center","background-size":"auto","background-attachment":"scroll","background-type":"","background-media":"","overlay-type":"","overlay-color":"","overlay-opacity":"","overlay-gradient":""},"tablet":{"background-color":"var(--ast-global-color-5)","background-image":"","background-repeat":"repeat","background-position":"center center","background-size":"auto","background-attachment":"scroll","background-type":"","background-media":"","overlay-type":"","overlay-color":"","overlay-opacity":"","overlay-gradient":""},"mobile":{"background-color":"var(--ast-global-color-5)","background-image":"","background-repeat":"repeat","background-position":"center center","background-size":"auto","background-attachment":"scroll","background-type":"","background-media":"","overlay-type":"","overlay-color":"","overlay-opacity":"","overlay-gradient":""}},"footnotes":""},"categories":[3],"tags":[],"class_list":["post-3604","post","type-post","status-publish","format-standard","has-post-thumbnail","hentry","category-news"],"_links":{"self":[{"href":"https:\/\/nwjjv.eu\/index.php?rest_route=\/wp\/v2\/posts\/3604","targetHints":{"allow":["GET"]}}],"collection":[{"href":"https:\/\/nwjjv.eu\/index.php?rest_route=\/wp\/v2\/posts"}],"about":[{"href":"https:\/\/nwjjv.eu\/index.php?rest_route=\/wp\/v2\/types\/post"}],"author":[{"embeddable":true,"href":"https:\/\/nwjjv.eu\/index.php?rest_route=\/wp\/v2\/users\/3"}],"replies":[{"embeddable":true,"href":"https:\/\/nwjjv.eu\/index.php?rest_route=%2Fwp%2Fv2%2Fcomments&post=3604"}],"version-history":[{"count":1,"href":"https:\/\/nwjjv.eu\/index.php?rest_route=\/wp\/v2\/posts\/3604\/revisions"}],"predecessor-version":[{"id":3606,"href":"https:\/\/nwjjv.eu\/index.php?rest_route=\/wp\/v2\/posts\/3604\/revisions\/3606"}],"wp:featuredmedia":[{"embeddable":true,"href":"https:\/\/nwjjv.eu\/index.php?rest_route=\/wp\/v2\/media\/3605"}],"wp:attachment":[{"href":"https:\/\/nwjjv.eu\/index.php?rest_route=%2Fwp%2Fv2%2Fmedia&parent=3604"}],"wp:term":[{"taxonomy":"category","embeddable":true,"href":"https:\/\/nwjjv.eu\/index.php?rest_route=%2Fwp%2Fv2%2Fcategories&post=3604"},{"taxonomy":"post_tag","embeddable":true,"href":"https:\/\/nwjjv.eu\/index.php?rest_route=%2Fwp%2Fv2%2Ftags&post=3604"}],"curies":[{"name":"wp","href":"https:\/\/api.w.org\/{rel}","templated":true}]}}