{"id":3825,"date":"2025-12-14T20:34:05","date_gmt":"2025-12-14T19:34:05","guid":{"rendered":"https:\/\/nwjjv.eu\/?p=3825"},"modified":"2025-12-14T20:35:10","modified_gmt":"2025-12-14T19:35:10","slug":"bezirkspruefung-koeln-in-fernen-erkelenz","status":"publish","type":"post","link":"https:\/\/nwjjv.eu\/?p=3825","title":{"rendered":"Bezirkspr\u00fcfung K\u00f6ln in fernen Erkelenz"},"content":{"rendered":"\n<p>Am 14.12.2025 fand in der Halle des Budo-Club Erkelenz die Bezirkspr\u00fcfung K\u00f6ln statt. Die weite Entfernung von K\u00f6ln war das Ergebnis einer erfolgreichen Kooperation der Bezirke K\u00f6ln und Aachen im Verband. So hatten die Pr\u00fcflinge die M\u00f6glichkeit sich zum richtigen Zeitpunkt einer Kommission auf Bezirksebene zu stellen und zugleich auf heimischer Matte zu schwitzen.&nbsp;&nbsp;&nbsp;&nbsp;&nbsp;&nbsp;&nbsp;&nbsp;<br>Die Pr\u00fcfung war mit Pr\u00fcflingen, die sich zum 1. oder 3. Kyu pr\u00fcfen lassen wollten, angesetzt. Die Pr\u00fcfenden gaben sich alle M\u00fche die ganzen, vielf\u00e4ltigen Pr\u00fcfungsf\u00e4cher schnell durchzuarbeiten.<\/p>\n\n\n\n<p>Da die Pr\u00fcflinge alle mehr oder weniger dem ausrichtenden Verein entstammten, hatten sie ihre Trainer direkt griffbereit. Dies z\u00e4hlt sich besonders in F\u00e4llen eines wichtigen Feedbacks nach der Pr\u00fcfung aus! Erneut zeichnete sich auch auf dieser Pr\u00fcfung ab, wie wertvoll die gemeinsame Zeit mit den Pr\u00fcfenden auf den Vorbereitungslehrg\u00e4ngen ist!<\/p>\n\n\n\n<p>Entsprechend gratulieren wir Tim Hocks und Ssam Arasteh zum 1. Kyu sowie Sabine Horsten zum 2. Kyu.<\/p>\n\n\n\n<p>Als Bezirksvertreter bedanke ich mich f\u00fcr die Gastfreundschaft des Budo-Club Erkelenz und bei den Vereinsvertretenden und dem Bezirk Aachen f\u00fcr die gute Zusammenarbeit.<\/p>\n\n\n\n<p class=\"has-text-align-right\">Text &amp; Bild<br>Marlon Henke<\/p>\n","protected":false},"excerpt":{"rendered":"<p>Am 14.12.2025 fand in der Halle des Budo-Club Erkelenz die Bezirkspr\u00fcfung K\u00f6ln statt. Die weite Entfernung von K\u00f6ln war das Ergebnis einer erfolgreichen Kooperation der Bezirke K\u00f6ln und Aachen im Verband. So hatten die Pr\u00fcflinge die M\u00f6glichkeit sich zum richtigen Zeitpunkt einer Kommission auf Bezirksebene zu stellen und zugleich auf heimischer Matte zu schwitzen.&nbsp;&nbsp;&nbsp;&nbsp;&nbsp;&nbsp;&nbsp;&nbsp;Die Pr\u00fcfung [&hellip;]<\/p>\n","protected":false},"author":5,"featured_media":3827,"comment_status":"closed","ping_status":"open","sticky":false,"template":"","format":"standard","meta":{"site-sidebar-layout":"default","site-content-layout":"","ast-site-content-layout":"default","site-content-style":"default","site-sidebar-style":"default","ast-global-header-display":"","ast-banner-title-visibility":"","ast-main-header-display":"","ast-hfb-above-header-display":"","ast-hfb-below-header-display":"","ast-hfb-mobile-header-display":"","site-post-title":"","ast-breadcrumbs-content":"","ast-featured-img":"","footer-sml-layout":"","ast-disable-related-posts":"","theme-transparent-header-meta":"","adv-header-id-meta":"","stick-header-meta":"","header-above-stick-meta":"","header-main-stick-meta":"","header-below-stick-meta":"","astra-migrate-meta-layouts":"set","ast-page-background-enabled":"default","ast-page-background-meta":{"desktop":{"background-color":"var(--ast-global-color-4)","background-image":"","background-repeat":"repeat","background-position":"center center","background-size":"auto","background-attachment":"scroll","background-type":"","background-media":"","overlay-type":"","overlay-color":"","overlay-opacity":"","overlay-gradient":""},"tablet":{"background-color":"","background-image":"","background-repeat":"repeat","background-position":"center center","background-size":"auto","background-attachment":"scroll","background-type":"","background-media":"","overlay-type":"","overlay-color":"","overlay-opacity":"","overlay-gradient":""},"mobile":{"background-color":"","background-image":"","background-repeat":"repeat","background-position":"center center","background-size":"auto","background-attachment":"scroll","background-type":"","background-media":"","overlay-type":"","overlay-color":"","overlay-opacity":"","overlay-gradient":""}},"ast-content-background-meta":{"desktop":{"background-color":"var(--ast-global-color-5)","background-image":"","background-repeat":"repeat","background-position":"center center","background-size":"auto","background-attachment":"scroll","background-type":"","background-media":"","overlay-type":"","overlay-color":"","overlay-opacity":"","overlay-gradient":""},"tablet":{"background-color":"var(--ast-global-color-5)","background-image":"","background-repeat":"repeat","background-position":"center center","background-size":"auto","background-attachment":"scroll","background-type":"","background-media":"","overlay-type":"","overlay-color":"","overlay-opacity":"","overlay-gradient":""},"mobile":{"background-color":"var(--ast-global-color-5)","background-image":"","background-repeat":"repeat","background-position":"center center","background-size":"auto","background-attachment":"scroll","background-type":"","background-media":"","overlay-type":"","overlay-color":"","overlay-opacity":"","overlay-gradient":""}},"footnotes":""},"categories":[3],"tags":[28,32],"class_list":["post-3825","post","type-post","status-publish","format-standard","has-post-thumbnail","hentry","category-news","tag-bezirkspruefung","tag-koeln"],"_links":{"self":[{"href":"https:\/\/nwjjv.eu\/index.php?rest_route=\/wp\/v2\/posts\/3825","targetHints":{"allow":["GET"]}}],"collection":[{"href":"https:\/\/nwjjv.eu\/index.php?rest_route=\/wp\/v2\/posts"}],"about":[{"href":"https:\/\/nwjjv.eu\/index.php?rest_route=\/wp\/v2\/types\/post"}],"author":[{"embeddable":true,"href":"https:\/\/nwjjv.eu\/index.php?rest_route=\/wp\/v2\/users\/5"}],"replies":[{"embeddable":true,"href":"https:\/\/nwjjv.eu\/index.php?rest_route=%2Fwp%2Fv2%2Fcomments&post=3825"}],"version-history":[{"count":1,"href":"https:\/\/nwjjv.eu\/index.php?rest_route=\/wp\/v2\/posts\/3825\/revisions"}],"predecessor-version":[{"id":3826,"href":"https:\/\/nwjjv.eu\/index.php?rest_route=\/wp\/v2\/posts\/3825\/revisions\/3826"}],"wp:featuredmedia":[{"embeddable":true,"href":"https:\/\/nwjjv.eu\/index.php?rest_route=\/wp\/v2\/media\/3827"}],"wp:attachment":[{"href":"https:\/\/nwjjv.eu\/index.php?rest_route=%2Fwp%2Fv2%2Fmedia&parent=3825"}],"wp:term":[{"taxonomy":"category","embeddable":true,"href":"https:\/\/nwjjv.eu\/index.php?rest_route=%2Fwp%2Fv2%2Fcategories&post=3825"},{"taxonomy":"post_tag","embeddable":true,"href":"https:\/\/nwjjv.eu\/index.php?rest_route=%2Fwp%2Fv2%2Ftags&post=3825"}],"curies":[{"name":"wp","href":"https:\/\/api.w.org\/{rel}","templated":true}]}}