{"id":4168,"date":"2026-05-01T17:57:56","date_gmt":"2026-05-01T15:57:56","guid":{"rendered":"https:\/\/nwjjv.eu\/?p=4168"},"modified":"2026-05-01T18:17:36","modified_gmt":"2026-05-01T16:17:36","slug":"neues-praesidium-und-neuer-vorstand-im-nwjjv","status":"publish","type":"post","link":"https:\/\/nwjjv.eu\/?p=4168","title":{"rendered":"Neues Pr\u00e4sidium und neuer Vorstand im NWJJV"},"content":{"rendered":"\n<h3 class=\"wp-block-heading\">Mitgliederversammlung 2026<\/h3>\n\n\n\n<p>Am 26. April 2026 fand die Mitgliederversammlung 2026 des NWJJV in Paderborn statt. Eingeladen waren alle Vereinsvorsitzenden bzw. deren Delegierten sowie Pr\u00e4sidium, Vorstand sowie deren Beauftragten. Der NWJJV besteht aktuell aus 118 Vereinen mit 6160 Mitgliedern.<\/p>\n\n\n\n<p>Nach der Begr\u00fc\u00dfung durch den Pr\u00e4sidenten Werner Dermann wurde Ralf Stecklum als Versammlungsleiter gew\u00e4hlt und f\u00fchrte durch die MGV. Es folgten die Berichte von Pr\u00e4sidium, Vorstand, den verschiedenen Beauftragten und der Bezirksvertreter. Im Anschluss folgten die Ehrungen. J\u00fcrgen Hatzky und Klaus-J\u00fcrgen Sieberg wurden die Ehrenmitgliedschaft verliehen, Peter Siebertz bekam den goldenen Ju-Ju f\u00fcr mehr als 15 Jahre Trainert\u00e4tigkeit im Kinder- und Jugendbereich und Werner Dermann wurde als Ehrenpr\u00e4sident geehrt. Vielen Dank f\u00fcr die langj\u00e4hrigen T\u00e4tigkeiten im Sinne des Sportes und des Verbandes!<\/p>\n\n\n\n<figure class=\"wp-block-image size-large is-resized\"><img loading=\"lazy\" decoding=\"async\" width=\"768\" height=\"1024\" src=\"https:\/\/nwjjv.eu\/wp-content\/uploads\/2026\/05\/IMG_1791-768x1024.jpeg\" alt=\"Ehrungen NWJJV MGV 2026\" class=\"wp-image-4170\" style=\"width:580px;height:auto\" srcset=\"https:\/\/nwjjv.eu\/wp-content\/uploads\/2026\/05\/IMG_1791-768x1024.jpeg 768w, https:\/\/nwjjv.eu\/wp-content\/uploads\/2026\/05\/IMG_1791-225x300.jpeg 225w, https:\/\/nwjjv.eu\/wp-content\/uploads\/2026\/05\/IMG_1791-1152x1536.jpeg 1152w, https:\/\/nwjjv.eu\/wp-content\/uploads\/2026\/05\/IMG_1791-1536x2048.jpeg 1536w, https:\/\/nwjjv.eu\/wp-content\/uploads\/2026\/05\/IMG_1791-scaled.jpeg 1920w\" sizes=\"auto, (max-width: 768px) 100vw, 768px\" \/><\/figure>\n\n\n\n<figure class=\"wp-block-image size-large is-resized\"><img loading=\"lazy\" decoding=\"async\" width=\"768\" height=\"1024\" src=\"https:\/\/nwjjv.eu\/wp-content\/uploads\/2026\/05\/IMG_1779-768x1024.jpeg\" alt=\"Ehrung Jugend NWJJV 2026\" class=\"wp-image-4169\" style=\"width:584px;height:auto\" srcset=\"https:\/\/nwjjv.eu\/wp-content\/uploads\/2026\/05\/IMG_1779-768x1024.jpeg 768w, https:\/\/nwjjv.eu\/wp-content\/uploads\/2026\/05\/IMG_1779-225x300.jpeg 225w, https:\/\/nwjjv.eu\/wp-content\/uploads\/2026\/05\/IMG_1779-1152x1536.jpeg 1152w, https:\/\/nwjjv.eu\/wp-content\/uploads\/2026\/05\/IMG_1779-1536x2048.jpeg 1536w, https:\/\/nwjjv.eu\/wp-content\/uploads\/2026\/05\/IMG_1779-scaled.jpeg 1920w\" sizes=\"auto, (max-width: 768px) 100vw, 768px\" \/><\/figure>\n\n\n\n<p>Bevor es zu den Neuwahlen ging, stand noch ein Antrag im Raum. Dabei ging es um die Erh\u00f6hung des Mitgliedsbeitrages zum 01.01.2027. Dies wurde mit der Mehrheit bejaht.<\/p>\n\n\n\n<p>Im Anschluss standen die Neuwahlen des Pr\u00e4sidiums, des Vorstandes und des Rechtsausschusses an. An dieser Stelle vielen Dank an alle, die bis zur Mitgliederversammlung ein Amt inne hatten und ihre Zeit und Energie in das Ehrenamt gesteckt haben! Erstmals haben sich Kandidaten vorab mit einer offiziellen Bewerbung f\u00fcr ein Amt beworben. In zum Teil geheimen Wahlen (ab zwei Kandidaten f\u00fcr einen Posten) wurde wie folgt gew\u00e4hlt:<\/p>\n\n\n\n<p>Pr\u00e4sident: <strong>Ulrich (Uli) Muchow<\/strong><br>Vizepr\u00e4sidentin Breitensport: <strong>Nina Bei\u00dfner<\/strong><br>Vizepr\u00e4sident Leistungssport: <strong>Chris Bazant <\/strong>(nicht auf dem Foto)<br>Vizepr\u00e4sident Finanzen: <strong>Falk Harnisch<\/strong><br>Best\u00e4tigung der Wahl des Vizepr\u00e4sidenten Jugend: <strong>Andreas Dern<\/strong><br>Referent Pr\u00fcfungswesen: <strong>Didi Krems <\/strong>(nicht auf dem Foto)<br>Referent Lehrwesen: <strong>Wolfgang Kroel<\/strong><br>Referent Lizenzwesen: <strong>Stefan P\u00fctz<\/strong><br>Referentin Leistungssport: <strong>Charlotte Kummer <\/strong>(nicht auf dem Foto)<br>Referent Kampfrichter: <strong>Ralf Pollnow <\/strong>(nicht auf dem Foto)<br>Referent Senioren: <strong>Dirk Pawlofsky<\/strong><br>Referent Stilarten: <strong>Michael Naber<\/strong><br>Referentin \u00d6ffentlichkeitsarbeit: <strong>Lea Minge<\/strong><br>Referentin Frauen-SV: <strong>Veronika Wenzel<\/strong><br>Referent Beh\u00f6rden: <strong>Silvio L\u00fcttgens<\/strong><br>Ersatzkassenpr\u00fcfers: <strong>Hubert Sch\u00e4fer<\/strong><\/p>\n\n\n\n<p>Vorsitzender Rechtsausschuss: <strong>Tobias Hippe<\/strong><br>Erster Beisitzer: <strong>Werner Dermann<\/strong><br>Zweiter Beisitzer: <strong>Kornelia Kotte<\/strong><br>Erster Beisitzer: <strong>Klaus-J\u00fcrgen Sieberg<\/strong><br>Zweiter Beisitzer: <strong>Jens Klaas<\/strong><\/p>\n\n\n\n<p>Vielen Dank an alle Gew\u00e4hlten f\u00fcr den Antritt ins (neue) Amt und vielen Dank an alle Beteiligten f\u00fcr die Organisation, Teilnahme und Leitung der Mitgliederversammlung 2026. Im n\u00e4chsten Jahr findet die Mitgliederversammlung zentral in NRW statt.<\/p>\n\n\n\n<p>Lea Minge, NWJJV<\/p>\n\n\n\n<figure class=\"wp-block-image size-large is-resized\"><img loading=\"lazy\" decoding=\"async\" width=\"768\" height=\"1024\" src=\"https:\/\/nwjjv.eu\/wp-content\/uploads\/2026\/05\/IMG_1844-768x1024.jpeg\" alt=\"Neuer Vorstand NWJJV\" class=\"wp-image-4172\" style=\"aspect-ratio:0.7499999791166214;width:437px;height:auto\" srcset=\"https:\/\/nwjjv.eu\/wp-content\/uploads\/2026\/05\/IMG_1844-768x1024.jpeg 768w, https:\/\/nwjjv.eu\/wp-content\/uploads\/2026\/05\/IMG_1844-225x300.jpeg 225w, https:\/\/nwjjv.eu\/wp-content\/uploads\/2026\/05\/IMG_1844-1152x1536.jpeg 1152w, https:\/\/nwjjv.eu\/wp-content\/uploads\/2026\/05\/IMG_1844-1536x2048.jpeg 1536w, https:\/\/nwjjv.eu\/wp-content\/uploads\/2026\/05\/IMG_1844-scaled.jpeg 1920w\" sizes=\"auto, (max-width: 768px) 100vw, 768px\" \/><\/figure>\n","protected":false},"excerpt":{"rendered":"<p>Mitgliederversammlung 2026 Am 26. April 2026 fand die Mitgliederversammlung 2026 des NWJJV in Paderborn statt. Eingeladen waren alle Vereinsvorsitzenden bzw. deren Delegierten sowie Pr\u00e4sidium, Vorstand sowie deren Beauftragten. Der NWJJV besteht aktuell aus 118 Vereinen mit 6160 Mitgliedern. Nach der Begr\u00fc\u00dfung durch den Pr\u00e4sidenten Werner Dermann wurde Ralf Stecklum als Versammlungsleiter gew\u00e4hlt und f\u00fchrte durch [&hellip;]<\/p>\n","protected":false},"author":6,"featured_media":4171,"comment_status":"closed","ping_status":"open","sticky":false,"template":"","format":"standard","meta":{"site-sidebar-layout":"default","site-content-layout":"","ast-site-content-layout":"default","site-content-style":"default","site-sidebar-style":"default","ast-global-header-display":"","ast-banner-title-visibility":"","ast-main-header-display":"","ast-hfb-above-header-display":"","ast-hfb-below-header-display":"","ast-hfb-mobile-header-display":"","site-post-title":"","ast-breadcrumbs-content":"","ast-featured-img":"","footer-sml-layout":"","ast-disable-related-posts":"","theme-transparent-header-meta":"","adv-header-id-meta":"","stick-header-meta":"","header-above-stick-meta":"","header-main-stick-meta":"","header-below-stick-meta":"","astra-migrate-meta-layouts":"set","ast-page-background-enabled":"default","ast-page-background-meta":{"desktop":{"background-color":"var(--ast-global-color-4)","background-image":"","background-repeat":"repeat","background-position":"center center","background-size":"auto","background-attachment":"scroll","background-type":"","background-media":"","overlay-type":"","overlay-color":"","overlay-opacity":"","overlay-gradient":""},"tablet":{"background-color":"","background-image":"","background-repeat":"repeat","background-position":"center center","background-size":"auto","background-attachment":"scroll","background-type":"","background-media":"","overlay-type":"","overlay-color":"","overlay-opacity":"","overlay-gradient":""},"mobile":{"background-color":"","background-image":"","background-repeat":"repeat","background-position":"center center","background-size":"auto","background-attachment":"scroll","background-type":"","background-media":"","overlay-type":"","overlay-color":"","overlay-opacity":"","overlay-gradient":""}},"ast-content-background-meta":{"desktop":{"background-color":"var(--ast-global-color-5)","background-image":"","background-repeat":"repeat","background-position":"center center","background-size":"auto","background-attachment":"scroll","background-type":"","background-media":"","overlay-type":"","overlay-color":"","overlay-opacity":"","overlay-gradient":""},"tablet":{"background-color":"var(--ast-global-color-5)","background-image":"","background-repeat":"repeat","background-position":"center center","background-size":"auto","background-attachment":"scroll","background-type":"","background-media":"","overlay-type":"","overlay-color":"","overlay-opacity":"","overlay-gradient":""},"mobile":{"background-color":"var(--ast-global-color-5)","background-image":"","background-repeat":"repeat","background-position":"center center","background-size":"auto","background-attachment":"scroll","background-type":"","background-media":"","overlay-type":"","overlay-color":"","overlay-opacity":"","overlay-gradient":""}},"footnotes":""},"categories":[3],"tags":[39,23,40],"class_list":["post-4168","post","type-post","status-publish","format-standard","has-post-thumbnail","hentry","category-news","tag-mitgliederversammlung","tag-nwjjv","tag-praesidium"],"_links":{"self":[{"href":"https:\/\/nwjjv.eu\/index.php?rest_route=\/wp\/v2\/posts\/4168","targetHints":{"allow":["GET"]}}],"collection":[{"href":"https:\/\/nwjjv.eu\/index.php?rest_route=\/wp\/v2\/posts"}],"about":[{"href":"https:\/\/nwjjv.eu\/index.php?rest_route=\/wp\/v2\/types\/post"}],"author":[{"embeddable":true,"href":"https:\/\/nwjjv.eu\/index.php?rest_route=\/wp\/v2\/users\/6"}],"replies":[{"embeddable":true,"href":"https:\/\/nwjjv.eu\/index.php?rest_route=%2Fwp%2Fv2%2Fcomments&post=4168"}],"version-history":[{"count":2,"href":"https:\/\/nwjjv.eu\/index.php?rest_route=\/wp\/v2\/posts\/4168\/revisions"}],"predecessor-version":[{"id":4175,"href":"https:\/\/nwjjv.eu\/index.php?rest_route=\/wp\/v2\/posts\/4168\/revisions\/4175"}],"wp:featuredmedia":[{"embeddable":true,"href":"https:\/\/nwjjv.eu\/index.php?rest_route=\/wp\/v2\/media\/4171"}],"wp:attachment":[{"href":"https:\/\/nwjjv.eu\/index.php?rest_route=%2Fwp%2Fv2%2Fmedia&parent=4168"}],"wp:term":[{"taxonomy":"category","embeddable":true,"href":"https:\/\/nwjjv.eu\/index.php?rest_route=%2Fwp%2Fv2%2Fcategories&post=4168"},{"taxonomy":"post_tag","embeddable":true,"href":"https:\/\/nwjjv.eu\/index.php?rest_route=%2Fwp%2Fv2%2Ftags&post=4168"}],"curies":[{"name":"wp","href":"https:\/\/api.w.org\/{rel}","templated":true}]}}